{"id":4934,"date":"2023-06-04T09:18:15","date_gmt":"2023-06-04T07:18:15","guid":{"rendered":"https:\/\/agora.xtec.cat\/ceipparealgue\/?p=4934"},"modified":"2023-06-04T09:18:15","modified_gmt":"2023-06-04T07:18:15","slug":"ei4-treballem-un-esser-viu-el-peix","status":"publish","type":"post","link":"https:\/\/agora.xtec.cat\/ceipparealgue\/infantil\/ei4-treballem-un-esser-viu-el-peix\/","title":{"rendered":"EI4: Treballem un \u00e9sser viu: EL PEIX!"},"content":{"rendered":"<p><span style=\"font-weight: 400\">Bon dia fam\u00edlies!<\/span><\/p>\n<p>&nbsp;<\/p>\n<p><span style=\"font-weight: 400\">Aquest trimestre hem treballat un \u00e9sser viu: <\/span><b>EL PEIX!<\/b><\/p>\n<p>&nbsp;<\/p>\n<p><span style=\"font-weight: 400\">L\u2019aventura va comen\u00e7ar quan vaig dur <\/span><b>EN<\/b> <b>ROIG <\/b><span style=\"font-weight: 400\">a l\u2019aula. Els hi vaig presentar als infants i van quedar meravellats\u2026<\/span><\/p>\n<p><span style=\"font-weight: 400\">Vam acordar que cada dia una Lluna li donaria menjar, que li hav\u00edem de netejar l\u2019aigua un cop a la setmana i que aprendr\u00edem moltes coses sobre els peixos! I ens vam posar a la feina.<\/span><\/p>\n<p>&nbsp;<\/p>\n<p><span style=\"font-weight: 400\">Al llarg d\u2019aquests \u00faltims mesos del curs, hem apr\u00e8s:<\/span><\/p>\n<p>&nbsp;<\/p>\n<ul style=\"list-style-type: disc\">\n<li style=\"font-weight: 400\"><span style=\"font-weight: 400\">Les diferents <strong>parts del peix<\/strong><\/span><\/li>\n<li style=\"font-weight: 400\"><span style=\"font-weight: 400\">Que l\u2019esquelet dels peixos no es fet d\u2019ossos sin\u00f3 <strong>d\u2019espines<\/strong><\/span><\/li>\n<li style=\"font-weight: 400\"><span style=\"font-weight: 400\">Que tenen el cos cobert <strong>d\u2019escates<\/strong><\/span><\/li>\n<li style=\"font-weight: 400\"><span style=\"font-weight: 400\">Que poden <strong>viure al mar, als rius o en peixeres<\/strong><\/span><\/li>\n<li style=\"font-weight: 400\"><span style=\"font-weight: 400\">Hem descobert una <strong>endevinalla<\/strong> sobre el peix<\/span><\/li>\n<li style=\"font-weight: 400\"><span style=\"font-weight: 400\">Hem explicat alguns <strong>contes<\/strong>, com el del <\/span><b>PEIX IRISAT <\/b><span style=\"font-weight: 400\">o el de <\/span><b>NEDA QUE NEDA<\/b><\/li>\n<\/ul>\n<p>&nbsp;<\/p>\n<p><span style=\"font-weight: 400\">I, a part de tot aix\u00f2, hem aprofundit una mica en el tema de la <\/span><b>MORT<\/b><span style=\"font-weight: 400\">, perqu\u00e8 en Roig, potser ja estava malalt, per\u00f2 al cap de poquets dies d\u2019estar entre nosaltres es va morir i vam aprofitar l\u2019avinentesa per parlar-ne\u2026<\/span><\/p>\n<p>&nbsp;<\/p>\n<p><span style=\"font-weight: 400\">Tot plegat ha estat ben enriquidor, i de ben segur que totes les Llunes recordaran en Roig!<\/span><\/p>\n<p>&nbsp;<\/p>\n<p><span style=\"font-weight: 400\">S\u00ed cliqueu en el seg\u00fcent enlla\u00e7 podreu veure algunes fotografies de tot el proc\u00e9s.\u00a0<a href=\"https:\/\/photos.app.goo.gl\/BcQsRAB4Lr5ejLReA\">https:\/\/photos.app.goo.gl\/BcQsRAB4Lr5ejLReA<\/a><\/span><\/p>\n<p>&nbsp;<\/p>\n<p><span style=\"font-weight: 400\">A reveure!<\/span><\/p>\n","protected":false},"excerpt":{"rendered":"<p>Bon dia fam\u00edlies!<br \/>\n&nbsp;<br \/>\nAquest trimestre hem treballat un \u00e9sser viu: EL PEIX!<br \/>\n&nbsp;<br \/>\nL\u2019aventura va comen\u00e7ar quan vaig dur EN ROIG a l\u2019aula. Els hi vaig presentar als infants i van quedar meravellats\u2026<br \/>\nVam acordar que cada dia una Lluna li donaria menjar, que li hav\u00edem de netejar l\u2019aigua&hellip;  <a href=\"https:\/\/agora.xtec.cat\/ceipparealgue\/infantil\/ei4-treballem-un-esser-viu-el-peix\/\" title=\"Read EI4: Treballem un \u00e9sser viu: EL PEIX!\">Llegeix m\u00e9s\u00bb<\/a><\/p>\n","protected":false},"author":49,"featured_media":4935,"comment_status":"closed","ping_status":"closed","sticky":false,"template":"","format":"standard","meta":{"_bbp_topic_count":0,"_bbp_reply_count":0,"_bbp_total_topic_count":0,"_bbp_total_reply_count":0,"_bbp_voice_count":0,"_bbp_anonymous_reply_count":0,"_bbp_topic_count_hidden":0,"_bbp_reply_count_hidden":0,"_bbp_forum_subforum_count":0,"footnotes":""},"categories":[2,4,68],"tags":[],"class_list":["post-4934","post","type-post","status-publish","format-standard","has-post-thumbnail","hentry","category-infantil","category-portada","category-68"],"post_mailing_queue_ids":[],"_links":{"self":[{"href":"https:\/\/agora.xtec.cat\/ceipparealgue\/wp-json\/wp\/v2\/posts\/4934","targetHints":{"allow":["GET"]}}],"collection":[{"href":"https:\/\/agora.xtec.cat\/ceipparealgue\/wp-json\/wp\/v2\/posts"}],"about":[{"href":"https:\/\/agora.xtec.cat\/ceipparealgue\/wp-json\/wp\/v2\/types\/post"}],"author":[{"embeddable":true,"href":"https:\/\/agora.xtec.cat\/ceipparealgue\/wp-json\/wp\/v2\/users\/49"}],"replies":[{"embeddable":true,"href":"https:\/\/agora.xtec.cat\/ceipparealgue\/wp-json\/wp\/v2\/comments?post=4934"}],"version-history":[{"count":1,"href":"https:\/\/agora.xtec.cat\/ceipparealgue\/wp-json\/wp\/v2\/posts\/4934\/revisions"}],"predecessor-version":[{"id":4936,"href":"https:\/\/agora.xtec.cat\/ceipparealgue\/wp-json\/wp\/v2\/posts\/4934\/revisions\/4936"}],"wp:featuredmedia":[{"embeddable":true,"href":"https:\/\/agora.xtec.cat\/ceipparealgue\/wp-json\/wp\/v2\/media\/4935"}],"wp:attachment":[{"href":"https:\/\/agora.xtec.cat\/ceipparealgue\/wp-json\/wp\/v2\/media?parent=4934"}],"wp:term":[{"taxonomy":"category","embeddable":true,"href":"https:\/\/agora.xtec.cat\/ceipparealgue\/wp-json\/wp\/v2\/categories?post=4934"},{"taxonomy":"post_tag","embeddable":true,"href":"https:\/\/agora.xtec.cat\/ceipparealgue\/wp-json\/wp\/v2\/tags?post=4934"}],"curies":[{"name":"wp","href":"https:\/\/api.w.org\/{rel}","templated":true}]}}