{"id":4925,"date":"2023-06-05T10:05:34","date_gmt":"2023-06-05T08:05:34","guid":{"rendered":"https:\/\/agora.xtec.cat\/ceipparealgue\/?p=4925"},"modified":"2023-06-06T09:13:12","modified_gmt":"2023-06-06T07:13:12","slug":"marxem-de-colonies-a-can-vandrell","status":"publish","type":"post","link":"https:\/\/agora.xtec.cat\/ceipparealgue\/general\/marxem-de-colonies-a-can-vandrell\/","title":{"rendered":"Marxem de col\u00f2nies a Can Vandrell"},"content":{"rendered":"<p><a href=\"https:\/\/photos.app.goo.gl\/xXFocN2ukrrJTYN17\"><img loading=\"lazy\" decoding=\"async\" class=\"alignnone wp-image-4922\" src=\"https:\/\/agora.xtec.cat\/ceipparealgue\/wp-content\/uploads\/usu157\/2023\/05\/Escola-Pare-Algue-1024x726.jpg\" alt=\"\" width=\"515\" height=\"365\" srcset=\"https:\/\/agora.xtec.cat\/ceipparealgue\/wp-content\/uploads\/usu157\/2023\/05\/Escola-Pare-Algue-1024x726.jpg 1024w, https:\/\/agora.xtec.cat\/ceipparealgue\/wp-content\/uploads\/usu157\/2023\/05\/Escola-Pare-Algue-300x213.jpg 300w, https:\/\/agora.xtec.cat\/ceipparealgue\/wp-content\/uploads\/usu157\/2023\/05\/Escola-Pare-Algue-768x545.jpg 768w, https:\/\/agora.xtec.cat\/ceipparealgue\/wp-content\/uploads\/usu157\/2023\/05\/Escola-Pare-Algue-1536x1090.jpg 1536w, https:\/\/agora.xtec.cat\/ceipparealgue\/wp-content\/uploads\/usu157\/2023\/05\/Escola-Pare-Algue.jpg 1748w\" sizes=\"auto, (max-width: 515px) 100vw, 515px\" \/><\/a><\/p>\n<p>Els m\u00e9s grans de l&#8217;escola marxem de col\u00f2nies a Can <span class=\"hiddenSpellError\">Vandrell<\/span>. Clicant a la imatge podreu anar veient tot all\u00f2 que anem fent, seran uns dies fant\u00e0stics i inoblidables.<\/p>\n","protected":false},"excerpt":{"rendered":"<p><a href=\"https:\/\/photos.app.goo.gl\/xXFocN2ukrrJTYN17\"><\/a><br \/>\nEls m\u00e9s grans de l&#8217;escola marxem de col\u00f2nies a Can Vandrell. Clicant a la imatge podreu anar veient tot all\u00f2 que anem fent, seran uns dies fant\u00e0stics i inoblidables.<\/p>\n","protected":false},"author":1,"featured_media":0,"comment_status":"closed","ping_status":"closed","sticky":false,"template":"","format":"standard","meta":{"_bbp_topic_count":0,"_bbp_reply_count":0,"_bbp_total_topic_count":0,"_bbp_total_reply_count":0,"_bbp_voice_count":0,"_bbp_anonymous_reply_count":0,"_bbp_topic_count_hidden":0,"_bbp_reply_count_hidden":0,"_bbp_forum_subforum_count":0,"footnotes":""},"categories":[1,4,5,12,11,10,9],"tags":[],"class_list":["post-4925","post","type-post","status-publish","format-standard","hentry","category-general","category-portada","category-primaria","category-12","category-11","category-10","category-9"],"post_mailing_queue_ids":[],"_links":{"self":[{"href":"https:\/\/agora.xtec.cat\/ceipparealgue\/wp-json\/wp\/v2\/posts\/4925","targetHints":{"allow":["GET"]}}],"collection":[{"href":"https:\/\/agora.xtec.cat\/ceipparealgue\/wp-json\/wp\/v2\/posts"}],"about":[{"href":"https:\/\/agora.xtec.cat\/ceipparealgue\/wp-json\/wp\/v2\/types\/post"}],"author":[{"embeddable":true,"href":"https:\/\/agora.xtec.cat\/ceipparealgue\/wp-json\/wp\/v2\/users\/1"}],"replies":[{"embeddable":true,"href":"https:\/\/agora.xtec.cat\/ceipparealgue\/wp-json\/wp\/v2\/comments?post=4925"}],"version-history":[{"count":3,"href":"https:\/\/agora.xtec.cat\/ceipparealgue\/wp-json\/wp\/v2\/posts\/4925\/revisions"}],"predecessor-version":[{"id":4937,"href":"https:\/\/agora.xtec.cat\/ceipparealgue\/wp-json\/wp\/v2\/posts\/4925\/revisions\/4937"}],"wp:attachment":[{"href":"https:\/\/agora.xtec.cat\/ceipparealgue\/wp-json\/wp\/v2\/media?parent=4925"}],"wp:term":[{"taxonomy":"category","embeddable":true,"href":"https:\/\/agora.xtec.cat\/ceipparealgue\/wp-json\/wp\/v2\/categories?post=4925"},{"taxonomy":"post_tag","embeddable":true,"href":"https:\/\/agora.xtec.cat\/ceipparealgue\/wp-json\/wp\/v2\/tags?post=4925"}],"curies":[{"name":"wp","href":"https:\/\/api.w.org\/{rel}","templated":true}]}}