{"id":4914,"date":"2023-05-23T09:59:47","date_gmt":"2023-05-23T07:59:47","guid":{"rendered":"https:\/\/agora.xtec.cat\/ceipparealgue\/?p=4914"},"modified":"2023-05-23T09:59:47","modified_gmt":"2023-05-23T07:59:47","slug":"marxem-de-colonies-a-can-miquelo","status":"publish","type":"post","link":"https:\/\/agora.xtec.cat\/ceipparealgue\/general\/marxem-de-colonies-a-can-miquelo\/","title":{"rendered":"Marxem de col\u00f2nies a Can Miquel\u00f3"},"content":{"rendered":"<p>&nbsp;<\/p>\n<p><a href=\"https:\/\/photos.app.goo.gl\/oY2brTSySvPfwJYM7\"><img loading=\"lazy\" decoding=\"async\" class=\"alignnone wp-image-4915\" src=\"https:\/\/agora.xtec.cat\/ceipparealgue\/wp-content\/uploads\/usu157\/2023\/05\/Marxem-de-colonies-1-1024x728.png\" alt=\"\" width=\"669\" height=\"476\" srcset=\"https:\/\/agora.xtec.cat\/ceipparealgue\/wp-content\/uploads\/usu157\/2023\/05\/Marxem-de-colonies-1-1024x728.png 1024w, https:\/\/agora.xtec.cat\/ceipparealgue\/wp-content\/uploads\/usu157\/2023\/05\/Marxem-de-colonies-1-300x213.png 300w, https:\/\/agora.xtec.cat\/ceipparealgue\/wp-content\/uploads\/usu157\/2023\/05\/Marxem-de-colonies-1-768x546.png 768w, https:\/\/agora.xtec.cat\/ceipparealgue\/wp-content\/uploads\/usu157\/2023\/05\/Marxem-de-colonies-1-1536x1091.png 1536w, https:\/\/agora.xtec.cat\/ceipparealgue\/wp-content\/uploads\/usu157\/2023\/05\/Marxem-de-colonies-1.png 1541w\" sizes=\"auto, (max-width: 669px) 100vw, 669px\" \/><\/a><\/p>\n<p>Els m\u00e9s petits de l&#8217;escola marxem de col\u00f2nies a Can Miquel\u00f3. Si cliqueu a la imatge, podreu anar veient tot all\u00f2 que anem fent. Ens ho passarem genial!<\/p>\n<p>&nbsp;<\/p>\n<p>&nbsp;<\/p>\n","protected":false},"excerpt":{"rendered":"<p>&nbsp;<br \/>\n<a href=\"https:\/\/photos.app.goo.gl\/oY2brTSySvPfwJYM7\"><\/a><br \/>\nEls m\u00e9s petits de l&#8217;escola marxem de col\u00f2nies a Can Miquel\u00f3. Si cliqueu a la imatge, podreu anar veient tot all\u00f2 que anem fent. Ens ho passarem genial!<br \/>\n&nbsp;<br \/>\n&nbsp;<\/p>\n","protected":false},"author":1,"featured_media":0,"comment_status":"open","ping_status":"closed","sticky":false,"template":"","format":"standard","meta":{"_bbp_topic_count":0,"_bbp_reply_count":0,"_bbp_total_topic_count":0,"_bbp_total_reply_count":0,"_bbp_voice_count":0,"_bbp_anonymous_reply_count":0,"_bbp_topic_count_hidden":0,"_bbp_reply_count_hidden":0,"_bbp_forum_subforum_count":0,"footnotes":""},"categories":[1,2,4,5,8,3,66,68,73],"tags":[],"class_list":["post-4914","post","type-post","status-publish","format-standard","hentry","category-general","category-infantil","category-portada","category-primaria","category-8","category-3","category-66","category-68","category-promocio-2019"],"post_mailing_queue_ids":[],"_links":{"self":[{"href":"https:\/\/agora.xtec.cat\/ceipparealgue\/wp-json\/wp\/v2\/posts\/4914","targetHints":{"allow":["GET"]}}],"collection":[{"href":"https:\/\/agora.xtec.cat\/ceipparealgue\/wp-json\/wp\/v2\/posts"}],"about":[{"href":"https:\/\/agora.xtec.cat\/ceipparealgue\/wp-json\/wp\/v2\/types\/post"}],"author":[{"embeddable":true,"href":"https:\/\/agora.xtec.cat\/ceipparealgue\/wp-json\/wp\/v2\/users\/1"}],"replies":[{"embeddable":true,"href":"https:\/\/agora.xtec.cat\/ceipparealgue\/wp-json\/wp\/v2\/comments?post=4914"}],"version-history":[{"count":4,"href":"https:\/\/agora.xtec.cat\/ceipparealgue\/wp-json\/wp\/v2\/posts\/4914\/revisions"}],"predecessor-version":[{"id":4920,"href":"https:\/\/agora.xtec.cat\/ceipparealgue\/wp-json\/wp\/v2\/posts\/4914\/revisions\/4920"}],"wp:attachment":[{"href":"https:\/\/agora.xtec.cat\/ceipparealgue\/wp-json\/wp\/v2\/media?parent=4914"}],"wp:term":[{"taxonomy":"category","embeddable":true,"href":"https:\/\/agora.xtec.cat\/ceipparealgue\/wp-json\/wp\/v2\/categories?post=4914"},{"taxonomy":"post_tag","embeddable":true,"href":"https:\/\/agora.xtec.cat\/ceipparealgue\/wp-json\/wp\/v2\/tags?post=4914"}],"curies":[{"name":"wp","href":"https:\/\/api.w.org\/{rel}","templated":true}]}}