{"id":4909,"date":"2023-05-19T14:18:06","date_gmt":"2023-05-19T12:18:06","guid":{"rendered":"https:\/\/agora.xtec.cat\/ceipparealgue\/?p=4909"},"modified":"2023-05-19T14:21:17","modified_gmt":"2023-05-19T12:21:17","slug":"i3-experimentem-amb-aigua-i-color","status":"publish","type":"post","link":"https:\/\/agora.xtec.cat\/ceipparealgue\/general\/i3-experimentem-amb-aigua-i-color\/","title":{"rendered":"i3- Experimentem amb aigua i color"},"content":{"rendered":"<p>Els nens i nenes d&#8217;I3 ens agrada molt pintar. Aquesta vegada ho hem fet tot experimentant amb aigua i color. Aix\u00ed s\u00ed \u00e9s divertit aprendre els colors! Per veure m\u00e9s imatges cliqueu sobre la foto<br \/>\n<a href=\"https:\/\/photos.app.goo.gl\/CdzTaRobCGdNSbrb8\"><img loading=\"lazy\" decoding=\"async\" class=\"wp-image-4910 aligncenter\" src=\"https:\/\/agora.xtec.cat\/ceipparealgue\/wp-content\/uploads\/usu157\/2023\/05\/2-1024x724.jpg\" alt=\"\" width=\"627\" height=\"443\" srcset=\"https:\/\/agora.xtec.cat\/ceipparealgue\/wp-content\/uploads\/usu157\/2023\/05\/2-1024x724.jpg 1024w, https:\/\/agora.xtec.cat\/ceipparealgue\/wp-content\/uploads\/usu157\/2023\/05\/2-300x212.jpg 300w, https:\/\/agora.xtec.cat\/ceipparealgue\/wp-content\/uploads\/usu157\/2023\/05\/2-768x543.jpg 768w, https:\/\/agora.xtec.cat\/ceipparealgue\/wp-content\/uploads\/usu157\/2023\/05\/2-1536x1086.jpg 1536w, https:\/\/agora.xtec.cat\/ceipparealgue\/wp-content\/uploads\/usu157\/2023\/05\/2.jpg 2000w\" sizes=\"auto, (max-width: 627px) 100vw, 627px\" \/><\/a><\/p>\n","protected":false},"excerpt":{"rendered":"<p>Els nens i nenes d&#8217;I3 ens agrada molt pintar. Aquesta vegada ho hem fet tot experimentant amb aigua i color. Aix\u00ed s\u00ed \u00e9s divertit aprendre els colors! Per veure m\u00e9s imatges cliqueu sobre la foto<br \/>\n<a href=\"https:\/\/photos.app.goo.gl\/CdzTaRobCGdNSbrb8\"><\/a><\/p>\n","protected":false},"author":49,"featured_media":0,"comment_status":"open","ping_status":"closed","sticky":false,"template":"","format":"standard","meta":{"_bbp_topic_count":0,"_bbp_reply_count":0,"_bbp_total_topic_count":0,"_bbp_total_reply_count":0,"_bbp_voice_count":0,"_bbp_anonymous_reply_count":0,"_bbp_topic_count_hidden":0,"_bbp_reply_count_hidden":0,"_bbp_forum_subforum_count":0,"footnotes":""},"categories":[1,2,4,73],"tags":[],"class_list":["post-4909","post","type-post","status-publish","format-standard","hentry","category-general","category-infantil","category-portada","category-promocio-2019"],"post_mailing_queue_ids":[],"_links":{"self":[{"href":"https:\/\/agora.xtec.cat\/ceipparealgue\/wp-json\/wp\/v2\/posts\/4909","targetHints":{"allow":["GET"]}}],"collection":[{"href":"https:\/\/agora.xtec.cat\/ceipparealgue\/wp-json\/wp\/v2\/posts"}],"about":[{"href":"https:\/\/agora.xtec.cat\/ceipparealgue\/wp-json\/wp\/v2\/types\/post"}],"author":[{"embeddable":true,"href":"https:\/\/agora.xtec.cat\/ceipparealgue\/wp-json\/wp\/v2\/users\/49"}],"replies":[{"embeddable":true,"href":"https:\/\/agora.xtec.cat\/ceipparealgue\/wp-json\/wp\/v2\/comments?post=4909"}],"version-history":[{"count":3,"href":"https:\/\/agora.xtec.cat\/ceipparealgue\/wp-json\/wp\/v2\/posts\/4909\/revisions"}],"predecessor-version":[{"id":4913,"href":"https:\/\/agora.xtec.cat\/ceipparealgue\/wp-json\/wp\/v2\/posts\/4909\/revisions\/4913"}],"wp:attachment":[{"href":"https:\/\/agora.xtec.cat\/ceipparealgue\/wp-json\/wp\/v2\/media?parent=4909"}],"wp:term":[{"taxonomy":"category","embeddable":true,"href":"https:\/\/agora.xtec.cat\/ceipparealgue\/wp-json\/wp\/v2\/categories?post=4909"},{"taxonomy":"post_tag","embeddable":true,"href":"https:\/\/agora.xtec.cat\/ceipparealgue\/wp-json\/wp\/v2\/tags?post=4909"}],"curies":[{"name":"wp","href":"https:\/\/api.w.org\/{rel}","templated":true}]}}