{"id":4886,"date":"2023-05-04T11:45:35","date_gmt":"2023-05-04T09:45:35","guid":{"rendered":"https:\/\/agora.xtec.cat\/ceipparealgue\/?p=4886"},"modified":"2023-05-04T11:45:35","modified_gmt":"2023-05-04T09:45:35","slug":"dibuix-al-natural","status":"publish","type":"post","link":"https:\/\/agora.xtec.cat\/ceipparealgue\/general\/dibuix-al-natural\/","title":{"rendered":"Dibuix al Natural"},"content":{"rendered":"<p>Les i els alumnes de tercer hem estat fent dibuixos al natural. Al llarg de dos matins, hem sortit a la fresca i hem escollit un arbre del nostre estimat pati. Cada \u00fa ha fet el seu dibuix amb llapis, tot tenint en compte les proporcions i les caracter\u00edstiques pr\u00f2pies de cada esp\u00e8cie. Tamb\u00e9 hem apr\u00e9s els seus noms i aix\u00ed els podem identificar.<\/p>\n<p>Podeu veure les fotos dels artistes, quina meravella!<\/p>\n<p><a href=\"https:\/\/photos.app.goo.gl\/f172be8gmsddK8Qa8\"><img loading=\"lazy\" decoding=\"async\" class=\"wp-image-4887 aligncenter\" src=\"https:\/\/agora.xtec.cat\/ceipparealgue\/wp-content\/uploads\/usu157\/2023\/05\/1683192628407-771x1024.jpg\" alt=\"\" width=\"279\" height=\"371\" srcset=\"https:\/\/agora.xtec.cat\/ceipparealgue\/wp-content\/uploads\/usu157\/2023\/05\/1683192628407-771x1024.jpg 771w, https:\/\/agora.xtec.cat\/ceipparealgue\/wp-content\/uploads\/usu157\/2023\/05\/1683192628407-226x300.jpg 226w, https:\/\/agora.xtec.cat\/ceipparealgue\/wp-content\/uploads\/usu157\/2023\/05\/1683192628407-768x1020.jpg 768w, https:\/\/agora.xtec.cat\/ceipparealgue\/wp-content\/uploads\/usu157\/2023\/05\/1683192628407-1157x1536.jpg 1157w, https:\/\/agora.xtec.cat\/ceipparealgue\/wp-content\/uploads\/usu157\/2023\/05\/1683192628407-1542x2048.jpg 1542w, https:\/\/agora.xtec.cat\/ceipparealgue\/wp-content\/uploads\/usu157\/2023\/05\/1683192628407-scaled.jpg 1928w\" sizes=\"auto, (max-width: 279px) 100vw, 279px\" \/><\/a><\/p>\n","protected":false},"excerpt":{"rendered":"<p>Les i els alumnes de tercer hem estat fent dibuixos al natural. Al llarg de dos matins, hem sortit a la fresca i hem escollit un arbre del nostre estimat pati. Cada \u00fa ha fet el seu dibuix amb llapis, tot tenint en compte les&hellip;  <a href=\"https:\/\/agora.xtec.cat\/ceipparealgue\/general\/dibuix-al-natural\/\" title=\"Read Dibuix al Natural\">Llegeix m\u00e9s\u00bb<\/a><\/p>\n","protected":false},"author":51,"featured_media":0,"comment_status":"open","ping_status":"closed","sticky":false,"template":"","format":"standard","meta":{"_bbp_topic_count":0,"_bbp_reply_count":0,"_bbp_total_topic_count":0,"_bbp_total_reply_count":0,"_bbp_voice_count":0,"_bbp_anonymous_reply_count":0,"_bbp_topic_count_hidden":0,"_bbp_reply_count_hidden":0,"_bbp_forum_subforum_count":0,"footnotes":""},"categories":[1,4,5,9],"tags":[],"class_list":["post-4886","post","type-post","status-publish","format-standard","hentry","category-general","category-portada","category-primaria","category-9"],"post_mailing_queue_ids":[],"_links":{"self":[{"href":"https:\/\/agora.xtec.cat\/ceipparealgue\/wp-json\/wp\/v2\/posts\/4886","targetHints":{"allow":["GET"]}}],"collection":[{"href":"https:\/\/agora.xtec.cat\/ceipparealgue\/wp-json\/wp\/v2\/posts"}],"about":[{"href":"https:\/\/agora.xtec.cat\/ceipparealgue\/wp-json\/wp\/v2\/types\/post"}],"author":[{"embeddable":true,"href":"https:\/\/agora.xtec.cat\/ceipparealgue\/wp-json\/wp\/v2\/users\/51"}],"replies":[{"embeddable":true,"href":"https:\/\/agora.xtec.cat\/ceipparealgue\/wp-json\/wp\/v2\/comments?post=4886"}],"version-history":[{"count":1,"href":"https:\/\/agora.xtec.cat\/ceipparealgue\/wp-json\/wp\/v2\/posts\/4886\/revisions"}],"predecessor-version":[{"id":4888,"href":"https:\/\/agora.xtec.cat\/ceipparealgue\/wp-json\/wp\/v2\/posts\/4886\/revisions\/4888"}],"wp:attachment":[{"href":"https:\/\/agora.xtec.cat\/ceipparealgue\/wp-json\/wp\/v2\/media?parent=4886"}],"wp:term":[{"taxonomy":"category","embeddable":true,"href":"https:\/\/agora.xtec.cat\/ceipparealgue\/wp-json\/wp\/v2\/categories?post=4886"},{"taxonomy":"post_tag","embeddable":true,"href":"https:\/\/agora.xtec.cat\/ceipparealgue\/wp-json\/wp\/v2\/tags?post=4886"}],"curies":[{"name":"wp","href":"https:\/\/api.w.org\/{rel}","templated":true}]}}