{"id":4883,"date":"2023-05-03T23:39:55","date_gmt":"2023-05-03T21:39:55","guid":{"rendered":"https:\/\/agora.xtec.cat\/ceipparealgue\/?p=4883"},"modified":"2023-05-03T23:39:55","modified_gmt":"2023-05-03T21:39:55","slug":"ei4-els-rituals-del-silenci","status":"publish","type":"post","link":"https:\/\/agora.xtec.cat\/ceipparealgue\/infantil\/ei4-els-rituals-del-silenci\/","title":{"rendered":"EI4: Els rituals del silenci&#8230;"},"content":{"rendered":"<p>Hola de nou fam\u00edlies!<\/p>\n<p>Aquest cop us volem explicar una pr\u00e0ctica que fem tot sovint a la rotllana, <strong>ELS RITUALS DEL SILENCI<\/strong>.<\/p>\n<p>Aquests ens ajuden a <strong>refinar els nostres sentits<\/strong>, <strong>fomenten la paci\u00e8ncia<\/strong> i <strong>l&#8217;autocontrol<\/strong>, ens preparen per <strong>cultivar la calma<\/strong>, <strong>la pau<\/strong> i la <strong>serenitat interior<\/strong>, <strong>desenvolupen el nostre poder de concentraci\u00f3\u00a0<\/strong>i, finalment, <strong>promouen la cooperaci\u00f3<\/strong>, <strong>el treball en equip<\/strong> i <strong>la consci\u00e8ncia de grup<\/strong>, perqu\u00e8 totes i tots tenim el nostre lloc.<\/p>\n<p>A mesura que els hem anat practicant, hem agafat m\u00e9s habilitat ens els diferents rituals que fem i, a hores d&#8217;ara, som experts en dur-los a terme, gaudint d&#8217;un clima a l&#8217;aula harmoni\u00f3s i tranquil, sent capa\u00e7os de regular-nos i de concentrar-nos, a m\u00e9s de vetllar per un ambient sonor agradable, estimulant i saludable.<\/p>\n<p>S\u00ed cliqueu el seg\u00fcent enlla\u00e7, en podreu veure un tastet&#8230; I fins i tot un v\u00eddeo, on podreu comprovar com de genial ho fem! <a href=\"https:\/\/photos.app.goo.gl\/HEHF86nNdg1EaGLE8\">https:\/\/photos.app.goo.gl\/HEHF86nNdg1EaGLE8<\/a><\/p>\n<p>Fins la propera!<\/p>\n","protected":false},"excerpt":{"rendered":"<p>Hola de nou fam\u00edlies!<br \/>\nAquest cop us volem explicar una pr\u00e0ctica que fem tot sovint a la rotllana, ELS RITUALS DEL SILENCI.<br \/>\nAquests ens ajuden a refinar els nostres sentits, fomenten la paci\u00e8ncia i l&#8217;autocontrol, ens preparen per cultivar la calma, la pau i la serenitat interior,&hellip;  <a href=\"https:\/\/agora.xtec.cat\/ceipparealgue\/infantil\/ei4-els-rituals-del-silenci\/\" title=\"Read EI4: Els rituals del silenci&#8230;\">Llegeix m\u00e9s\u00bb<\/a><\/p>\n","protected":false},"author":49,"featured_media":4884,"comment_status":"closed","ping_status":"closed","sticky":false,"template":"","format":"standard","meta":{"_bbp_topic_count":0,"_bbp_reply_count":0,"_bbp_total_topic_count":0,"_bbp_total_reply_count":0,"_bbp_voice_count":0,"_bbp_anonymous_reply_count":0,"_bbp_topic_count_hidden":0,"_bbp_reply_count_hidden":0,"_bbp_forum_subforum_count":0,"footnotes":""},"categories":[2,4,68],"tags":[],"class_list":["post-4883","post","type-post","status-publish","format-standard","has-post-thumbnail","hentry","category-infantil","category-portada","category-68"],"post_mailing_queue_ids":[],"_links":{"self":[{"href":"https:\/\/agora.xtec.cat\/ceipparealgue\/wp-json\/wp\/v2\/posts\/4883","targetHints":{"allow":["GET"]}}],"collection":[{"href":"https:\/\/agora.xtec.cat\/ceipparealgue\/wp-json\/wp\/v2\/posts"}],"about":[{"href":"https:\/\/agora.xtec.cat\/ceipparealgue\/wp-json\/wp\/v2\/types\/post"}],"author":[{"embeddable":true,"href":"https:\/\/agora.xtec.cat\/ceipparealgue\/wp-json\/wp\/v2\/users\/49"}],"replies":[{"embeddable":true,"href":"https:\/\/agora.xtec.cat\/ceipparealgue\/wp-json\/wp\/v2\/comments?post=4883"}],"version-history":[{"count":1,"href":"https:\/\/agora.xtec.cat\/ceipparealgue\/wp-json\/wp\/v2\/posts\/4883\/revisions"}],"predecessor-version":[{"id":4885,"href":"https:\/\/agora.xtec.cat\/ceipparealgue\/wp-json\/wp\/v2\/posts\/4883\/revisions\/4885"}],"wp:featuredmedia":[{"embeddable":true,"href":"https:\/\/agora.xtec.cat\/ceipparealgue\/wp-json\/wp\/v2\/media\/4884"}],"wp:attachment":[{"href":"https:\/\/agora.xtec.cat\/ceipparealgue\/wp-json\/wp\/v2\/media?parent=4883"}],"wp:term":[{"taxonomy":"category","embeddable":true,"href":"https:\/\/agora.xtec.cat\/ceipparealgue\/wp-json\/wp\/v2\/categories?post=4883"},{"taxonomy":"post_tag","embeddable":true,"href":"https:\/\/agora.xtec.cat\/ceipparealgue\/wp-json\/wp\/v2\/tags?post=4883"}],"curies":[{"name":"wp","href":"https:\/\/api.w.org\/{rel}","templated":true}]}}