{"id":484,"date":"2019-03-27T21:00:38","date_gmt":"2019-03-27T20:00:38","guid":{"rendered":"https:\/\/agora.xtec.cat\/ceipparealgue\/?p=484"},"modified":"2019-04-04T20:28:11","modified_gmt":"2019-04-04T18:28:11","slug":"acte-de-celebracio-dels-serveis-territorials-participacio-alumnes","status":"publish","type":"post","link":"https:\/\/agora.xtec.cat\/ceipparealgue\/portada\/acte-de-celebracio-dels-serveis-territorials-participacio-alumnes\/","title":{"rendered":"ACTE DE CELEBRACI\u00d3 DEL 10\u00e8 ANIVERSARI DELS SERVEIS TERRITORIALS &#8211; PARTICIPACI\u00d3 ALUMNES"},"content":{"rendered":"<p>El passat dimecres 27 de mar\u00e7 es va celebrar el des\u00e8 aniversari de l&#8217;obertura dels Serveis Territorials d&#8217;Educaci\u00f3 a la Catalunya Central.<\/p>\n<p>El Bamba i la Nicola, alumnes de la nostra escola, junt amb dos alumnes m\u00e9s de l\u2019Escola Flama, han contribu\u00eft a que l\u2019acte f\u00f3s espl\u00e8ndid, distingit, elegant i un \u00e8xit. Han llegit uns poemes preciosos de Joana Raspall (<em>Podries<\/em>) i de Joan Vinyoli (<em>Els nens<\/em>).<\/p>\n<p>La nostra enhorabona a tots quatre per la seva lectura i la seva participaci\u00f3.<\/p>\n<p>Molt b\u00e9 Bamba i Nicola!<\/p>\n<div style=\"width: 480px;\" class=\"wp-video\"><!--[if lt IE 9]><script>document.createElement('video');<\/script><![endif]-->\n<video class=\"wp-video-shortcode\" id=\"video-484-1\" width=\"480\" height=\"848\" preload=\"metadata\" controls=\"controls\"><source type=\"video\/mp4\" src=\"https:\/\/agora.xtec.cat\/ceipparealgue\/wp-content\/uploads\/usu157\/2019\/04\/WhatsApp-Video-2019-03-28-at-08.06.49.mp4?_=1\" \/><a href=\"https:\/\/agora.xtec.cat\/ceipparealgue\/wp-content\/uploads\/usu157\/2019\/04\/WhatsApp-Video-2019-03-28-at-08.06.49.mp4\">https:\/\/agora.xtec.cat\/ceipparealgue\/wp-content\/uploads\/usu157\/2019\/04\/WhatsApp-Video-2019-03-28-at-08.06.49.mp4<\/a><\/video><\/div>\n<p>&nbsp;<\/p>\n<div style=\"width: 480px;\" class=\"wp-video\"><video class=\"wp-video-shortcode\" id=\"video-484-2\" width=\"480\" height=\"848\" preload=\"metadata\" controls=\"controls\"><source type=\"video\/mp4\" src=\"https:\/\/agora.xtec.cat\/ceipparealgue\/wp-content\/uploads\/usu157\/2019\/04\/WhatsApp-Video-2019-03-28-at-08.07.46.mp4?_=2\" \/><a href=\"https:\/\/agora.xtec.cat\/ceipparealgue\/wp-content\/uploads\/usu157\/2019\/04\/WhatsApp-Video-2019-03-28-at-08.07.46.mp4\">https:\/\/agora.xtec.cat\/ceipparealgue\/wp-content\/uploads\/usu157\/2019\/04\/WhatsApp-Video-2019-03-28-at-08.07.46.mp4<\/a><\/video><\/div>\n","protected":false},"excerpt":{"rendered":"<p>El passat dimecres 27 de mar\u00e7 es va celebrar el des\u00e8 aniversari de l&#8217;obertura dels Serveis Territorials d&#8217;Educaci\u00f3 a la Catalunya Central.<br \/>\nEl Bamba i la Nicola, alumnes de la nostra escola, junt amb dos alumnes m\u00e9s de l\u2019Escola Flama, han contribu\u00eft a que l\u2019acte f\u00f3s&hellip;  <a href=\"https:\/\/agora.xtec.cat\/ceipparealgue\/portada\/acte-de-celebracio-dels-serveis-territorials-participacio-alumnes\/\" title=\"Read ACTE DE CELEBRACI\u00d3 DEL 10\u00e8 ANIVERSARI DELS SERVEIS TERRITORIALS &#8211; PARTICIPACI\u00d3 ALUMNES\">Llegeix m\u00e9s\u00bb<\/a><\/p>\n","protected":false},"author":1,"featured_media":0,"comment_status":"open","ping_status":"closed","sticky":false,"template":"","format":"standard","meta":{"_bbp_topic_count":0,"_bbp_reply_count":0,"_bbp_total_topic_count":0,"_bbp_total_reply_count":0,"_bbp_voice_count":0,"_bbp_anonymous_reply_count":0,"_bbp_topic_count_hidden":0,"_bbp_reply_count_hidden":0,"_bbp_forum_subforum_count":0,"footnotes":""},"categories":[4],"tags":[],"class_list":["post-484","post","type-post","status-publish","format-standard","hentry","category-portada"],"post_mailing_queue_ids":[],"_links":{"self":[{"href":"https:\/\/agora.xtec.cat\/ceipparealgue\/wp-json\/wp\/v2\/posts\/484","targetHints":{"allow":["GET"]}}],"collection":[{"href":"https:\/\/agora.xtec.cat\/ceipparealgue\/wp-json\/wp\/v2\/posts"}],"about":[{"href":"https:\/\/agora.xtec.cat\/ceipparealgue\/wp-json\/wp\/v2\/types\/post"}],"author":[{"embeddable":true,"href":"https:\/\/agora.xtec.cat\/ceipparealgue\/wp-json\/wp\/v2\/users\/1"}],"replies":[{"embeddable":true,"href":"https:\/\/agora.xtec.cat\/ceipparealgue\/wp-json\/wp\/v2\/comments?post=484"}],"version-history":[{"count":3,"href":"https:\/\/agora.xtec.cat\/ceipparealgue\/wp-json\/wp\/v2\/posts\/484\/revisions"}],"predecessor-version":[{"id":489,"href":"https:\/\/agora.xtec.cat\/ceipparealgue\/wp-json\/wp\/v2\/posts\/484\/revisions\/489"}],"wp:attachment":[{"href":"https:\/\/agora.xtec.cat\/ceipparealgue\/wp-json\/wp\/v2\/media?parent=484"}],"wp:term":[{"taxonomy":"category","embeddable":true,"href":"https:\/\/agora.xtec.cat\/ceipparealgue\/wp-json\/wp\/v2\/categories?post=484"},{"taxonomy":"post_tag","embeddable":true,"href":"https:\/\/agora.xtec.cat\/ceipparealgue\/wp-json\/wp\/v2\/tags?post=484"}],"curies":[{"name":"wp","href":"https:\/\/api.w.org\/{rel}","templated":true}]}}