{"id":4835,"date":"2023-03-29T09:57:32","date_gmt":"2023-03-29T07:57:32","guid":{"rendered":"https:\/\/agora.xtec.cat\/ceipparealgue\/?p=4835"},"modified":"2023-03-29T09:57:32","modified_gmt":"2023-03-29T07:57:32","slug":"anem-amb-bicicleta","status":"publish","type":"post","link":"https:\/\/agora.xtec.cat\/ceipparealgue\/general\/anem-amb-bicicleta\/","title":{"rendered":"Anem amb bicicleta!"},"content":{"rendered":"<p>Dilluns vam anar amb bicicleta fins al Congost amb els nens i les nenes de 3r i dimarts amb els i les de 4t. El cam\u00ed fins all\u00e0 ja va ser una aventura, despr\u00e9s, una vegada all\u00e0, vam posar a prova les nostres habilitats per les pujades i baixades de la zona.<\/p>\n<p>Va ser una experi\u00e8ncia molt emocionant!<\/p>\n<p>Si cliqueu a la foto, podreu veure algunes imatges de la jornada.<\/p>\n<p><a href=\"https:\/\/photos.app.goo.gl\/Ak4vizJTGSm8Hu8F8\"><img loading=\"lazy\" decoding=\"async\" class=\"wp-image-4836 aligncenter\" src=\"https:\/\/agora.xtec.cat\/ceipparealgue\/wp-content\/uploads\/usu157\/2023\/03\/d6fbd35a-b3f8-41ed-a006-ea8eec09b766-1024x768.jpg\" alt=\"\" width=\"318\" height=\"239\" srcset=\"https:\/\/agora.xtec.cat\/ceipparealgue\/wp-content\/uploads\/usu157\/2023\/03\/d6fbd35a-b3f8-41ed-a006-ea8eec09b766-1024x768.jpg 1024w, https:\/\/agora.xtec.cat\/ceipparealgue\/wp-content\/uploads\/usu157\/2023\/03\/d6fbd35a-b3f8-41ed-a006-ea8eec09b766-300x225.jpg 300w, https:\/\/agora.xtec.cat\/ceipparealgue\/wp-content\/uploads\/usu157\/2023\/03\/d6fbd35a-b3f8-41ed-a006-ea8eec09b766-768x576.jpg 768w, https:\/\/agora.xtec.cat\/ceipparealgue\/wp-content\/uploads\/usu157\/2023\/03\/d6fbd35a-b3f8-41ed-a006-ea8eec09b766-1536x1152.jpg 1536w, https:\/\/agora.xtec.cat\/ceipparealgue\/wp-content\/uploads\/usu157\/2023\/03\/d6fbd35a-b3f8-41ed-a006-ea8eec09b766-200x150.jpg 200w, https:\/\/agora.xtec.cat\/ceipparealgue\/wp-content\/uploads\/usu157\/2023\/03\/d6fbd35a-b3f8-41ed-a006-ea8eec09b766.jpg 2048w\" sizes=\"auto, (max-width: 318px) 100vw, 318px\" \/><\/a><\/p>\n","protected":false},"excerpt":{"rendered":"<p>Dilluns vam anar amb bicicleta fins al Congost amb els nens i les nenes de 3r i dimarts amb els i les de 4t. El cam\u00ed fins all\u00e0 ja va ser una aventura, despr\u00e9s, una vegada all\u00e0, vam posar a prova les nostres habilitats per&hellip;  <a href=\"https:\/\/agora.xtec.cat\/ceipparealgue\/general\/anem-amb-bicicleta\/\" title=\"Read Anem amb bicicleta!\">Llegeix m\u00e9s\u00bb<\/a><\/p>\n","protected":false},"author":54,"featured_media":0,"comment_status":"open","ping_status":"closed","sticky":false,"template":"","format":"standard","meta":{"_bbp_topic_count":0,"_bbp_reply_count":0,"_bbp_total_topic_count":0,"_bbp_total_reply_count":0,"_bbp_voice_count":0,"_bbp_anonymous_reply_count":0,"_bbp_topic_count_hidden":0,"_bbp_reply_count_hidden":0,"_bbp_forum_subforum_count":0,"footnotes":""},"categories":[1,4,10,9],"tags":[],"class_list":["post-4835","post","type-post","status-publish","format-standard","hentry","category-general","category-portada","category-10","category-9"],"post_mailing_queue_ids":[],"_links":{"self":[{"href":"https:\/\/agora.xtec.cat\/ceipparealgue\/wp-json\/wp\/v2\/posts\/4835","targetHints":{"allow":["GET"]}}],"collection":[{"href":"https:\/\/agora.xtec.cat\/ceipparealgue\/wp-json\/wp\/v2\/posts"}],"about":[{"href":"https:\/\/agora.xtec.cat\/ceipparealgue\/wp-json\/wp\/v2\/types\/post"}],"author":[{"embeddable":true,"href":"https:\/\/agora.xtec.cat\/ceipparealgue\/wp-json\/wp\/v2\/users\/54"}],"replies":[{"embeddable":true,"href":"https:\/\/agora.xtec.cat\/ceipparealgue\/wp-json\/wp\/v2\/comments?post=4835"}],"version-history":[{"count":2,"href":"https:\/\/agora.xtec.cat\/ceipparealgue\/wp-json\/wp\/v2\/posts\/4835\/revisions"}],"predecessor-version":[{"id":4838,"href":"https:\/\/agora.xtec.cat\/ceipparealgue\/wp-json\/wp\/v2\/posts\/4835\/revisions\/4838"}],"wp:attachment":[{"href":"https:\/\/agora.xtec.cat\/ceipparealgue\/wp-json\/wp\/v2\/media?parent=4835"}],"wp:term":[{"taxonomy":"category","embeddable":true,"href":"https:\/\/agora.xtec.cat\/ceipparealgue\/wp-json\/wp\/v2\/categories?post=4835"},{"taxonomy":"post_tag","embeddable":true,"href":"https:\/\/agora.xtec.cat\/ceipparealgue\/wp-json\/wp\/v2\/tags?post=4835"}],"curies":[{"name":"wp","href":"https:\/\/api.w.org\/{rel}","templated":true}]}}