{"id":4805,"date":"2023-03-07T19:20:25","date_gmt":"2023-03-07T18:20:25","guid":{"rendered":"https:\/\/agora.xtec.cat\/ceipparealgue\/?p=4805"},"modified":"2023-03-08T14:18:52","modified_gmt":"2023-03-08T13:18:52","slug":"cros-a-lescola","status":"publish","type":"post","link":"https:\/\/agora.xtec.cat\/ceipparealgue\/infantil\/cros-a-lescola\/","title":{"rendered":"Cros a l&#8217;escola!"},"content":{"rendered":"<p>Avui tots els nens i nenes de l&#8217;escola hem participat al cros a l&#8217;escola. Hem corregut per cursos i ens ho hem passat molt b\u00e9! Ha estat molt emocionant ja que a part de c\u00f3rrer nosaltres, tamb\u00e9 hem pogut veure i animar als nostres companys i companyes.<\/p>\n<p>Si cliqueu a la foto podreu veure m\u00e9s imatges d&#8217;aquesta jornada.<\/p>\n<p><a href=\"https:\/\/photos.app.goo.gl\/3sBCidKg8aSZYcd67\"><img loading=\"lazy\" decoding=\"async\" class=\"wp-image-4806 aligncenter\" src=\"https:\/\/agora.xtec.cat\/ceipparealgue\/wp-content\/uploads\/usu157\/2023\/03\/foto.jpg\" alt=\"\" width=\"494\" height=\"370\" srcset=\"https:\/\/agora.xtec.cat\/ceipparealgue\/wp-content\/uploads\/usu157\/2023\/03\/foto.jpg 898w, https:\/\/agora.xtec.cat\/ceipparealgue\/wp-content\/uploads\/usu157\/2023\/03\/foto-300x224.jpg 300w, https:\/\/agora.xtec.cat\/ceipparealgue\/wp-content\/uploads\/usu157\/2023\/03\/foto-768x575.jpg 768w, https:\/\/agora.xtec.cat\/ceipparealgue\/wp-content\/uploads\/usu157\/2023\/03\/foto-200x150.jpg 200w\" sizes=\"auto, (max-width: 494px) 100vw, 494px\" \/><\/a><\/p>\n","protected":false},"excerpt":{"rendered":"<p>Avui tots els nens i nenes de l&#8217;escola hem participat al cros a l&#8217;escola. Hem corregut per cursos i ens ho hem passat molt b\u00e9! Ha estat molt emocionant ja que a part de c\u00f3rrer nosaltres, tamb\u00e9 hem pogut veure i animar als nostres companys&hellip;  <a href=\"https:\/\/agora.xtec.cat\/ceipparealgue\/infantil\/cros-a-lescola\/\" title=\"Read Cros a l&#8217;escola!\">Llegeix m\u00e9s\u00bb<\/a><\/p>\n","protected":false},"author":54,"featured_media":0,"comment_status":"closed","ping_status":"closed","sticky":false,"template":"","format":"standard","meta":{"_bbp_topic_count":0,"_bbp_reply_count":0,"_bbp_total_topic_count":0,"_bbp_total_reply_count":0,"_bbp_voice_count":0,"_bbp_anonymous_reply_count":0,"_bbp_topic_count_hidden":0,"_bbp_reply_count_hidden":0,"_bbp_forum_subforum_count":0,"footnotes":""},"categories":[63,2,4,5,12,11,10,9,8,3,66,68,73],"tags":[],"class_list":["post-4805","post","type-post","status-publish","format-standard","hentry","category-ef","category-infantil","category-portada","category-primaria","category-12","category-11","category-10","category-9","category-8","category-3","category-66","category-68","category-promocio-2019"],"post_mailing_queue_ids":[],"_links":{"self":[{"href":"https:\/\/agora.xtec.cat\/ceipparealgue\/wp-json\/wp\/v2\/posts\/4805","targetHints":{"allow":["GET"]}}],"collection":[{"href":"https:\/\/agora.xtec.cat\/ceipparealgue\/wp-json\/wp\/v2\/posts"}],"about":[{"href":"https:\/\/agora.xtec.cat\/ceipparealgue\/wp-json\/wp\/v2\/types\/post"}],"author":[{"embeddable":true,"href":"https:\/\/agora.xtec.cat\/ceipparealgue\/wp-json\/wp\/v2\/users\/54"}],"replies":[{"embeddable":true,"href":"https:\/\/agora.xtec.cat\/ceipparealgue\/wp-json\/wp\/v2\/comments?post=4805"}],"version-history":[{"count":2,"href":"https:\/\/agora.xtec.cat\/ceipparealgue\/wp-json\/wp\/v2\/posts\/4805\/revisions"}],"predecessor-version":[{"id":4808,"href":"https:\/\/agora.xtec.cat\/ceipparealgue\/wp-json\/wp\/v2\/posts\/4805\/revisions\/4808"}],"wp:attachment":[{"href":"https:\/\/agora.xtec.cat\/ceipparealgue\/wp-json\/wp\/v2\/media?parent=4805"}],"wp:term":[{"taxonomy":"category","embeddable":true,"href":"https:\/\/agora.xtec.cat\/ceipparealgue\/wp-json\/wp\/v2\/categories?post=4805"},{"taxonomy":"post_tag","embeddable":true,"href":"https:\/\/agora.xtec.cat\/ceipparealgue\/wp-json\/wp\/v2\/tags?post=4805"}],"curies":[{"name":"wp","href":"https:\/\/api.w.org\/{rel}","templated":true}]}}