{"id":4774,"date":"2023-02-28T16:53:56","date_gmt":"2023-02-28T15:53:56","guid":{"rendered":"https:\/\/agora.xtec.cat\/ceipparealgue\/?p=4774"},"modified":"2023-02-28T16:53:56","modified_gmt":"2023-02-28T15:53:56","slug":"xerrada-dalex-roca","status":"publish","type":"post","link":"https:\/\/agora.xtec.cat\/ceipparealgue\/portada\/xerrada-dalex-roca\/","title":{"rendered":"Xerrada d&#8217;\u00c0lex Roca"},"content":{"rendered":"<p><span class=\"hiddenGrammarError\" style=\"padding-bottom: 2px;background-image: url('..\/..\/..\/..\/..\/images\/squiggle.png');background-position: left bottom;cursor: default;color: #000000;font-family: 'Open Sans', Helvetica, Arial, sans-serif;font-size: 16px;font-style: normal;font-weight: 300;letter-spacing: normal;text-align: start;text-indent: 0px;text-transform: none\">Hola<\/span>\u00a0fam\u00edlies,<\/p>\n<p>Avui l&#8217;alumnat de 6\u00e8 hem tingut una xerrada molt interessant, &#8220;El l\u00edmit el poses tu&#8221;. Aquest \u00e9s el t\u00edtol de la confer\u00e8ncia que \u00c0lex Roca i la M\u00aa Carmen que ens ha fet avui i \u00e9s tamb\u00e9 el lema de la vida d&#8217;un esportista que ha estat el primer amb par\u00e0lisi cerebral en finalitzar la dur\u00edssima prova de la <span class=\"hiddenSpellError\">Titan<\/span>\u00a0Desert.<\/p>\n<p>Estem molt contents que hagi vingut a visitar-nos i compartir aquesta tarda amb nosaltres.<\/p>\n<p>Feu clic a la foto i podreu veure les fotos de la xerrada.<\/p>\n<p><a href=\"https:\/\/photos.app.goo.gl\/BTwejBKmr8NRXmxG7\"><img loading=\"lazy\" decoding=\"async\" class=\"alignleft\" src=\"https:\/\/e00-marca.uecdn.es\/assets\/multimedia\/imagenes\/2022\/02\/04\/16440020198743.jpg\" alt=\"\u00c1lex Roca, el hombre sin l\u00edmites | Marca\" width=\"233\" height=\"291\" \/><\/a><\/p>\n<p>&nbsp;<\/p>\n<p>&nbsp;<\/p>\n<p>&nbsp;<\/p>\n","protected":false},"excerpt":{"rendered":"<p>Hola\u00a0fam\u00edlies,<br \/>\nAvui l&#8217;alumnat de 6\u00e8 hem tingut una xerrada molt interessant, &#8220;El l\u00edmit el poses tu&#8221;. Aquest \u00e9s el t\u00edtol de la confer\u00e8ncia que \u00c0lex Roca i la M\u00aa Carmen que ens ha fet avui i \u00e9s tamb\u00e9 el lema de la vida d&#8217;un esportista que&hellip;  <a href=\"https:\/\/agora.xtec.cat\/ceipparealgue\/portada\/xerrada-dalex-roca\/\" title=\"Read Xerrada d&#8217;\u00c0lex Roca\">Llegeix m\u00e9s\u00bb<\/a><\/p>\n","protected":false},"author":52,"featured_media":0,"comment_status":"open","ping_status":"closed","sticky":false,"template":"","format":"standard","meta":{"_bbp_topic_count":0,"_bbp_reply_count":0,"_bbp_total_topic_count":0,"_bbp_total_reply_count":0,"_bbp_voice_count":0,"_bbp_anonymous_reply_count":0,"_bbp_topic_count_hidden":0,"_bbp_reply_count_hidden":0,"_bbp_forum_subforum_count":0,"footnotes":""},"categories":[4,12],"tags":[],"class_list":["post-4774","post","type-post","status-publish","format-standard","hentry","category-portada","category-12"],"post_mailing_queue_ids":[],"_links":{"self":[{"href":"https:\/\/agora.xtec.cat\/ceipparealgue\/wp-json\/wp\/v2\/posts\/4774","targetHints":{"allow":["GET"]}}],"collection":[{"href":"https:\/\/agora.xtec.cat\/ceipparealgue\/wp-json\/wp\/v2\/posts"}],"about":[{"href":"https:\/\/agora.xtec.cat\/ceipparealgue\/wp-json\/wp\/v2\/types\/post"}],"author":[{"embeddable":true,"href":"https:\/\/agora.xtec.cat\/ceipparealgue\/wp-json\/wp\/v2\/users\/52"}],"replies":[{"embeddable":true,"href":"https:\/\/agora.xtec.cat\/ceipparealgue\/wp-json\/wp\/v2\/comments?post=4774"}],"version-history":[{"count":1,"href":"https:\/\/agora.xtec.cat\/ceipparealgue\/wp-json\/wp\/v2\/posts\/4774\/revisions"}],"predecessor-version":[{"id":4775,"href":"https:\/\/agora.xtec.cat\/ceipparealgue\/wp-json\/wp\/v2\/posts\/4774\/revisions\/4775"}],"wp:attachment":[{"href":"https:\/\/agora.xtec.cat\/ceipparealgue\/wp-json\/wp\/v2\/media?parent=4774"}],"wp:term":[{"taxonomy":"category","embeddable":true,"href":"https:\/\/agora.xtec.cat\/ceipparealgue\/wp-json\/wp\/v2\/categories?post=4774"},{"taxonomy":"post_tag","embeddable":true,"href":"https:\/\/agora.xtec.cat\/ceipparealgue\/wp-json\/wp\/v2\/tags?post=4774"}],"curies":[{"name":"wp","href":"https:\/\/api.w.org\/{rel}","templated":true}]}}