{"id":4772,"date":"2023-02-28T12:41:09","date_gmt":"2023-02-28T11:41:09","guid":{"rendered":"https:\/\/agora.xtec.cat\/ceipparealgue\/?p=4772"},"modified":"2023-02-28T12:41:09","modified_gmt":"2023-02-28T11:41:09","slug":"padrins-lectors-de-2n-i-6e","status":"publish","type":"post","link":"https:\/\/agora.xtec.cat\/ceipparealgue\/portada\/padrins-lectors-de-2n-i-6e\/","title":{"rendered":"Padrins lectors de 2n i 6\u00e8"},"content":{"rendered":"<p>Hola fam\u00edlies,<\/p>\n<p>L&#8217;alumnat de 2n i l&#8217;alumnat de 6\u00e8 ha comen\u00e7at amb el projecte de Padrins Lectors i ho estan fent d&#8217;all\u00f2 m\u00e9s b\u00e9. Els encanta participar i compartir aquest moment de lectura.<\/p>\n<p>En el seg\u00fcent enlla\u00e7 trobareu les fotos:\u00a0https:\/\/photos.app.goo.gl\/cFnejs3ncY1pKfL68<\/p>\n<p>&nbsp;<\/p>\n","protected":false},"excerpt":{"rendered":"<p>Hola fam\u00edlies,<br \/>\nL&#8217;alumnat de 2n i l&#8217;alumnat de 6\u00e8 ha comen\u00e7at amb el projecte de Padrins Lectors i ho estan fent d&#8217;all\u00f2 m\u00e9s b\u00e9. Els encanta participar i compartir aquest moment de lectura.<br \/>\nEn el seg\u00fcent enlla\u00e7 trobareu les fotos:\u00a0https:\/\/photos.app.goo.gl\/cFnejs3ncY1pKfL68<br \/>\n&nbsp;<\/p>\n","protected":false},"author":52,"featured_media":0,"comment_status":"open","ping_status":"closed","sticky":false,"template":"","format":"standard","meta":{"_bbp_topic_count":0,"_bbp_reply_count":0,"_bbp_total_topic_count":0,"_bbp_total_reply_count":0,"_bbp_voice_count":0,"_bbp_anonymous_reply_count":0,"_bbp_topic_count_hidden":0,"_bbp_reply_count_hidden":0,"_bbp_forum_subforum_count":0,"footnotes":""},"categories":[4,12,8],"tags":[],"class_list":["post-4772","post","type-post","status-publish","format-standard","hentry","category-portada","category-12","category-8"],"post_mailing_queue_ids":[],"_links":{"self":[{"href":"https:\/\/agora.xtec.cat\/ceipparealgue\/wp-json\/wp\/v2\/posts\/4772","targetHints":{"allow":["GET"]}}],"collection":[{"href":"https:\/\/agora.xtec.cat\/ceipparealgue\/wp-json\/wp\/v2\/posts"}],"about":[{"href":"https:\/\/agora.xtec.cat\/ceipparealgue\/wp-json\/wp\/v2\/types\/post"}],"author":[{"embeddable":true,"href":"https:\/\/agora.xtec.cat\/ceipparealgue\/wp-json\/wp\/v2\/users\/52"}],"replies":[{"embeddable":true,"href":"https:\/\/agora.xtec.cat\/ceipparealgue\/wp-json\/wp\/v2\/comments?post=4772"}],"version-history":[{"count":1,"href":"https:\/\/agora.xtec.cat\/ceipparealgue\/wp-json\/wp\/v2\/posts\/4772\/revisions"}],"predecessor-version":[{"id":4773,"href":"https:\/\/agora.xtec.cat\/ceipparealgue\/wp-json\/wp\/v2\/posts\/4772\/revisions\/4773"}],"wp:attachment":[{"href":"https:\/\/agora.xtec.cat\/ceipparealgue\/wp-json\/wp\/v2\/media?parent=4772"}],"wp:term":[{"taxonomy":"category","embeddable":true,"href":"https:\/\/agora.xtec.cat\/ceipparealgue\/wp-json\/wp\/v2\/categories?post=4772"},{"taxonomy":"post_tag","embeddable":true,"href":"https:\/\/agora.xtec.cat\/ceipparealgue\/wp-json\/wp\/v2\/tags?post=4772"}],"curies":[{"name":"wp","href":"https:\/\/api.w.org\/{rel}","templated":true}]}}