{"id":4759,"date":"2023-02-23T23:51:25","date_gmt":"2023-02-23T22:51:25","guid":{"rendered":"https:\/\/agora.xtec.cat\/ceipparealgue\/?p=4759"},"modified":"2023-02-23T23:51:25","modified_gmt":"2023-02-23T22:51:25","slug":"ei4-descobrim-lhivern","status":"publish","type":"post","link":"https:\/\/agora.xtec.cat\/ceipparealgue\/infantil\/ei4-descobrim-lhivern\/","title":{"rendered":"EI4: DESCOBRIM L&#8217;HIVERN!"},"content":{"rendered":"<p>Hola de nou fam\u00edlies!<\/p>\n<p>Aquest segon trimestre ens hem endinsat a <strong>descobrir l&#8217;hivern<\/strong>&#8230; I hem fet un munt d&#8217;activitats per apropar-nos-hi:<\/p>\n<ul style=\"list-style-type: square\">\n<li>Vam fer un mural amb els colors freds de l&#8217;hivern.<\/li>\n<li>Vam concentrar-nos tot observant unes ampolles sensorials de l&#8217;hivern.<\/li>\n<li>Vam elaborar un barret de llana calent\u00f3 per l&#8217;hivern.<\/li>\n<li><span style=\"font-weight: 400\">Vam visionar el conte: \u201c En Punxetes descobreix l\u2019hivern\u201d i vam fer un minim\u00f3n amb tots els personatges que surten al conte per jugar-hi! Us adjuntem l\u2019enlla\u00e7 per si voleu mirar-lo a casa amb els vostres infants; \u00e9s el seg\u00fcent: <\/span><a href=\"https:\/\/youtu.be\/238_CV39QEM\"><span style=\"font-weight: 400\">https:\/\/youtu.be\/238_CV39QEM<\/span><\/a><\/li>\n<li>Vam jugar amb neu artificial, feta amb bicarbonat s\u00f2dic i aigua.<\/li>\n<li>Vam experimentar amb gel.<\/li>\n<\/ul>\n<p>A m\u00e9s a m\u00e9s, hem gaudit de <strong>la festa del Carnaval<\/strong> i hem elaborat les nostres disfresses; a part, a una sessi\u00f3 d&#8217;art vam fer un pallasso ben acolorit.<\/p>\n<p>Doncs ja ho veieu, <strong>HEM ESTAT BEN ENTRETINGUTS!!\u00a0<\/strong>Si cliqueu sobre el seg\u00fcent enlla\u00e7 podreu visionar un munt de fotografies d&#8217;aquests moments&#8230;<\/p>\n<p><a href=\"https:\/\/photos.app.goo.gl\/upDS58mQBs7QuJ2K9\">https:\/\/photos.app.goo.gl\/upDS58mQBs7QuJ2K9<\/a><\/p>\n<p>A reveure!<\/p>\n<p>&nbsp;<\/p>\n","protected":false},"excerpt":{"rendered":"<p>Hola de nou fam\u00edlies!<br \/>\nAquest segon trimestre ens hem endinsat a descobrir l&#8217;hivern&#8230; I hem fet un munt d&#8217;activitats per apropar-nos-hi:<\/p>\n<ul style=\"list-style-type: square\">\n<li>Vam fer un mural amb els colors freds de l&#8217;hivern.<\/li>\n<li>Vam concentrar-nos tot observant unes ampolles sensorials de l&#8217;hivern.<\/li>\n<li>Vam elaborar un barret de llana calent\u00f3&hellip;  <a href=\"https:\/\/agora.xtec.cat\/ceipparealgue\/infantil\/ei4-descobrim-lhivern\/\" title=\"Read EI4: DESCOBRIM L&#8217;HIVERN!\">Llegeix m\u00e9s\u00bb<\/a><br \/>\n","protected":false},"author":49,"featured_media":4761,"comment_status":"open","ping_status":"closed","sticky":false,"template":"","format":"standard","meta":{"_bbp_topic_count":0,"_bbp_reply_count":0,"_bbp_total_topic_count":0,"_bbp_total_reply_count":0,"_bbp_voice_count":0,"_bbp_anonymous_reply_count":0,"_bbp_topic_count_hidden":0,"_bbp_reply_count_hidden":0,"_bbp_forum_subforum_count":0,"footnotes":""},"categories":[2,4,68],"tags":[],"class_list":["post-4759","post","type-post","status-publish","format-standard","has-post-thumbnail","hentry","category-infantil","category-portada","category-68"],"post_mailing_queue_ids":[],"_links":{"self":[{"href":"https:\/\/agora.xtec.cat\/ceipparealgue\/wp-json\/wp\/v2\/posts\/4759","targetHints":{"allow":["GET"]}}],"collection":[{"href":"https:\/\/agora.xtec.cat\/ceipparealgue\/wp-json\/wp\/v2\/posts"}],"about":[{"href":"https:\/\/agora.xtec.cat\/ceipparealgue\/wp-json\/wp\/v2\/types\/post"}],"author":[{"embeddable":true,"href":"https:\/\/agora.xtec.cat\/ceipparealgue\/wp-json\/wp\/v2\/users\/49"}],"replies":[{"embeddable":true,"href":"https:\/\/agora.xtec.cat\/ceipparealgue\/wp-json\/wp\/v2\/comments?post=4759"}],"version-history":[{"count":1,"href":"https:\/\/agora.xtec.cat\/ceipparealgue\/wp-json\/wp\/v2\/posts\/4759\/revisions"}],"predecessor-version":[{"id":4762,"href":"https:\/\/agora.xtec.cat\/ceipparealgue\/wp-json\/wp\/v2\/posts\/4759\/revisions\/4762"}],"wp:featuredmedia":[{"embeddable":true,"href":"https:\/\/agora.xtec.cat\/ceipparealgue\/wp-json\/wp\/v2\/media\/4761"}],"wp:attachment":[{"href":"https:\/\/agora.xtec.cat\/ceipparealgue\/wp-json\/wp\/v2\/media?parent=4759"}],"wp:term":[{"taxonomy":"category","embeddable":true,"href":"https:\/\/agora.xtec.cat\/ceipparealgue\/wp-json\/wp\/v2\/categories?post=4759"},{"taxonomy":"post_tag","embeddable":true,"href":"https:\/\/agora.xtec.cat\/ceipparealgue\/wp-json\/wp\/v2\/tags?post=4759"}],"curies":[{"name":"wp","href":"https:\/\/api.w.org\/{rel}","templated":true}]}}