{"id":4748,"date":"2023-02-17T19:58:51","date_gmt":"2023-02-17T18:58:51","guid":{"rendered":"https:\/\/agora.xtec.cat\/ceipparealgue\/?p=4748"},"modified":"2023-02-17T20:01:24","modified_gmt":"2023-02-17T19:01:24","slug":"dijous-llarder-a-cicle-mitja","status":"publish","type":"post","link":"https:\/\/agora.xtec.cat\/ceipparealgue\/general\/dijous-llarder-a-cicle-mitja\/","title":{"rendered":"Dijous llarder a Cicle Mitja"},"content":{"rendered":"<p>Aquest dijous els alumnes de Cicle Mitja hem anat a la casa de la Culla per celebrar el dijous llarder. Ens ho hem passat d\u2019all\u00f2 m\u00e9s b\u00e9 pintant-nos la cara, jugant a mata conills i la bomba, fent \u201cland art\u201d i esmorzant amb els nostres companys. Clicant a la imatge podeu veure les fotos.<\/p>\n<p><a href=\"https:\/\/photos.app.goo.gl\/bucQCo8ZcMVUTaW39\"><img loading=\"lazy\" decoding=\"async\" class=\"alignnone wp-image-4750\" src=\"https:\/\/agora.xtec.cat\/ceipparealgue\/wp-content\/uploads\/usu157\/2023\/02\/web-bo.jpg\" alt=\"\" width=\"409\" height=\"307\" srcset=\"https:\/\/agora.xtec.cat\/ceipparealgue\/wp-content\/uploads\/usu157\/2023\/02\/web-bo.jpg 1000w, https:\/\/agora.xtec.cat\/ceipparealgue\/wp-content\/uploads\/usu157\/2023\/02\/web-bo-300x226.jpg 300w, https:\/\/agora.xtec.cat\/ceipparealgue\/wp-content\/uploads\/usu157\/2023\/02\/web-bo-768x578.jpg 768w, https:\/\/agora.xtec.cat\/ceipparealgue\/wp-content\/uploads\/usu157\/2023\/02\/web-bo-200x150.jpg 200w\" sizes=\"auto, (max-width: 409px) 100vw, 409px\" \/><\/a><\/p>\n","protected":false},"excerpt":{"rendered":"<p>Aquest dijous els alumnes de Cicle Mitja hem anat a la casa de la Culla per celebrar el dijous llarder. Ens ho hem passat d\u2019all\u00f2 m\u00e9s b\u00e9 pintant-nos la cara, jugant a mata conills i la bomba, fent \u201cland art\u201d i esmorzant amb els nostres&hellip;  <a href=\"https:\/\/agora.xtec.cat\/ceipparealgue\/general\/dijous-llarder-a-cicle-mitja\/\" title=\"Read Dijous llarder a Cicle Mitja\">Llegeix m\u00e9s\u00bb<\/a><\/p>\n","protected":false},"author":51,"featured_media":0,"comment_status":"open","ping_status":"closed","sticky":false,"template":"","format":"standard","meta":{"_bbp_topic_count":0,"_bbp_reply_count":0,"_bbp_total_topic_count":0,"_bbp_total_reply_count":0,"_bbp_voice_count":0,"_bbp_anonymous_reply_count":0,"_bbp_topic_count_hidden":0,"_bbp_reply_count_hidden":0,"_bbp_forum_subforum_count":0,"footnotes":""},"categories":[1,4,5,10,9],"tags":[],"class_list":["post-4748","post","type-post","status-publish","format-standard","hentry","category-general","category-portada","category-primaria","category-10","category-9"],"post_mailing_queue_ids":[],"_links":{"self":[{"href":"https:\/\/agora.xtec.cat\/ceipparealgue\/wp-json\/wp\/v2\/posts\/4748","targetHints":{"allow":["GET"]}}],"collection":[{"href":"https:\/\/agora.xtec.cat\/ceipparealgue\/wp-json\/wp\/v2\/posts"}],"about":[{"href":"https:\/\/agora.xtec.cat\/ceipparealgue\/wp-json\/wp\/v2\/types\/post"}],"author":[{"embeddable":true,"href":"https:\/\/agora.xtec.cat\/ceipparealgue\/wp-json\/wp\/v2\/users\/51"}],"replies":[{"embeddable":true,"href":"https:\/\/agora.xtec.cat\/ceipparealgue\/wp-json\/wp\/v2\/comments?post=4748"}],"version-history":[{"count":2,"href":"https:\/\/agora.xtec.cat\/ceipparealgue\/wp-json\/wp\/v2\/posts\/4748\/revisions"}],"predecessor-version":[{"id":4752,"href":"https:\/\/agora.xtec.cat\/ceipparealgue\/wp-json\/wp\/v2\/posts\/4748\/revisions\/4752"}],"wp:attachment":[{"href":"https:\/\/agora.xtec.cat\/ceipparealgue\/wp-json\/wp\/v2\/media?parent=4748"}],"wp:term":[{"taxonomy":"category","embeddable":true,"href":"https:\/\/agora.xtec.cat\/ceipparealgue\/wp-json\/wp\/v2\/categories?post=4748"},{"taxonomy":"post_tag","embeddable":true,"href":"https:\/\/agora.xtec.cat\/ceipparealgue\/wp-json\/wp\/v2\/tags?post=4748"}],"curies":[{"name":"wp","href":"https:\/\/api.w.org\/{rel}","templated":true}]}}