{"id":4746,"date":"2023-02-16T09:54:56","date_gmt":"2023-02-16T08:54:56","guid":{"rendered":"https:\/\/agora.xtec.cat\/ceipparealgue\/?p=4746"},"modified":"2023-02-17T09:35:47","modified_gmt":"2023-02-17T08:35:47","slug":"prego-infantil-de-la-festa-de-la-misteriosa-llum","status":"publish","type":"post","link":"https:\/\/agora.xtec.cat\/ceipparealgue\/general\/prego-infantil-de-la-festa-de-la-misteriosa-llum\/","title":{"rendered":"Preg\u00f3 Infantil de la Festa de la Misteriosa Llum"},"content":{"rendered":"<p>Hola a tothom!<\/p>\n<p>Dem\u00e0, dia 17 de febrer a les 10 del mat\u00ed, es realitzar\u00e0 el Preg\u00f3 Infantil de la Festa de la Misteriosa Llum a l&#8217;Ajuntament de Manresa, per part de l&#8217;alumnat de Cicle Superior. Per fi ha arribat el dia que tant esper\u00e0vem i pel qual hem treballat i assajat tant! Estem molt contents i emocionats!<\/p>\n<p>Us convidem a totes i a tots a seguir-lo en directe, en format virtual, a trav\u00e9s de la seg\u00fcent p\u00e0gina web: <a href=\"https:\/\/www.manresa.cat\/directe\"><em><strong>https:\/\/www.manresa.cat\/directe<\/strong><\/em><\/a><strong>\u00a0<\/strong><\/p>\n<p>Esperem que us agradi molt i desitgeu-nos sort!<\/p>\n","protected":false},"excerpt":{"rendered":"<p>Hola a tothom!<br \/>\nDem\u00e0, dia 17 de febrer a les 10 del mat\u00ed, es realitzar\u00e0 el Preg\u00f3 Infantil de la Festa de la Misteriosa Llum a l&#8217;Ajuntament de Manresa, per part de l&#8217;alumnat de Cicle Superior. Per fi ha arribat el dia que tant esper\u00e0vem i&hellip;  <a href=\"https:\/\/agora.xtec.cat\/ceipparealgue\/general\/prego-infantil-de-la-festa-de-la-misteriosa-llum\/\" title=\"Read Preg\u00f3 Infantil de la Festa de la Misteriosa Llum\">Llegeix m\u00e9s\u00bb<\/a><\/p>\n","protected":false},"author":52,"featured_media":0,"comment_status":"open","ping_status":"closed","sticky":false,"template":"","format":"standard","meta":{"_bbp_topic_count":0,"_bbp_reply_count":0,"_bbp_total_topic_count":0,"_bbp_total_reply_count":0,"_bbp_voice_count":0,"_bbp_anonymous_reply_count":0,"_bbp_topic_count_hidden":0,"_bbp_reply_count_hidden":0,"_bbp_forum_subforum_count":0,"footnotes":""},"categories":[7,1,4,5,12,11],"tags":[],"class_list":["post-4746","post","type-post","status-publish","format-standard","hentry","category-ampa","category-general","category-portada","category-primaria","category-12","category-11"],"post_mailing_queue_ids":[],"_links":{"self":[{"href":"https:\/\/agora.xtec.cat\/ceipparealgue\/wp-json\/wp\/v2\/posts\/4746","targetHints":{"allow":["GET"]}}],"collection":[{"href":"https:\/\/agora.xtec.cat\/ceipparealgue\/wp-json\/wp\/v2\/posts"}],"about":[{"href":"https:\/\/agora.xtec.cat\/ceipparealgue\/wp-json\/wp\/v2\/types\/post"}],"author":[{"embeddable":true,"href":"https:\/\/agora.xtec.cat\/ceipparealgue\/wp-json\/wp\/v2\/users\/52"}],"replies":[{"embeddable":true,"href":"https:\/\/agora.xtec.cat\/ceipparealgue\/wp-json\/wp\/v2\/comments?post=4746"}],"version-history":[{"count":1,"href":"https:\/\/agora.xtec.cat\/ceipparealgue\/wp-json\/wp\/v2\/posts\/4746\/revisions"}],"predecessor-version":[{"id":4747,"href":"https:\/\/agora.xtec.cat\/ceipparealgue\/wp-json\/wp\/v2\/posts\/4746\/revisions\/4747"}],"wp:attachment":[{"href":"https:\/\/agora.xtec.cat\/ceipparealgue\/wp-json\/wp\/v2\/media?parent=4746"}],"wp:term":[{"taxonomy":"category","embeddable":true,"href":"https:\/\/agora.xtec.cat\/ceipparealgue\/wp-json\/wp\/v2\/categories?post=4746"},{"taxonomy":"post_tag","embeddable":true,"href":"https:\/\/agora.xtec.cat\/ceipparealgue\/wp-json\/wp\/v2\/tags?post=4746"}],"curies":[{"name":"wp","href":"https:\/\/api.w.org\/{rel}","templated":true}]}}