{"id":4733,"date":"2023-02-11T10:45:54","date_gmt":"2023-02-11T09:45:54","guid":{"rendered":"https:\/\/agora.xtec.cat\/ceipparealgue\/?p=4733"},"modified":"2023-02-11T10:49:10","modified_gmt":"2023-02-11T09:49:10","slug":"treballem-lautor-paul-klee","status":"publish","type":"post","link":"https:\/\/agora.xtec.cat\/ceipparealgue\/general\/treballem-lautor-paul-klee\/","title":{"rendered":"Treballem l&#8217;autor Paul Klee"},"content":{"rendered":"<p><a href=\"https:\/\/agora.xtec.cat\/ceipparealgue\/wp-content\/uploads\/usu157\/2023\/02\/Paul-Klee-1.jpg\"><img loading=\"lazy\" decoding=\"async\" class=\"alignnone size-large wp-image-4736\" src=\"https:\/\/agora.xtec.cat\/ceipparealgue\/wp-content\/uploads\/usu157\/2023\/02\/Paul-Klee-1-1024x819.jpg\" alt=\"\" width=\"1024\" height=\"819\" srcset=\"https:\/\/agora.xtec.cat\/ceipparealgue\/wp-content\/uploads\/usu157\/2023\/02\/Paul-Klee-1-1024x819.jpg 1024w, https:\/\/agora.xtec.cat\/ceipparealgue\/wp-content\/uploads\/usu157\/2023\/02\/Paul-Klee-1-300x240.jpg 300w, https:\/\/agora.xtec.cat\/ceipparealgue\/wp-content\/uploads\/usu157\/2023\/02\/Paul-Klee-1-768x614.jpg 768w, https:\/\/agora.xtec.cat\/ceipparealgue\/wp-content\/uploads\/usu157\/2023\/02\/Paul-Klee-1-1536x1229.jpg 1536w, https:\/\/agora.xtec.cat\/ceipparealgue\/wp-content\/uploads\/usu157\/2023\/02\/Paul-Klee-1.jpg 2000w\" sizes=\"auto, (max-width: 1024px) 100vw, 1024px\" \/><\/a><\/p>\n<p>Els infants de 2n estem treballant l&#8217;autor Paul Klee a les sessions d&#8217;Art.<\/p>\n<p>Hem conegut una mica la seva vida i algunes de les seves obres, ens hem fixat en el seu estil i hem intentat reproduir algunes de les seves pintures.<\/p>\n<p>Amb la t\u00e8cnica de &#8220;treure de passeig una l\u00ednia&#8221; vam fer una creaci\u00f3 abstracta sense aixecar el retolador del full mentre dibuix\u00e0vem escoltant una m\u00fasica de fons. Tamb\u00e9, amb ceres toves, vam fer el nostre propi fons mar\u00ed representant l&#8217;obra de &#8220;El peix daurat&#8221;. Si us hi fixeu, ens estan quedant uns resultats molt acolorits!<\/p>\n<p>Cliqueu la imatge per veure les fotos. <a href=\"https:\/\/photos.app.goo.gl\/Ysqb1DTE9sKiMFEb6\"><img loading=\"lazy\" decoding=\"async\" class=\"wp-image-4371 alignnone\" src=\"https:\/\/agora.xtec.cat\/ceipparealgue\/wp-content\/uploads\/usu157\/2022\/10\/image_photo_jpg_file-1024x1024.jpg\" alt=\"\" width=\"60\" height=\"60\" srcset=\"https:\/\/agora.xtec.cat\/ceipparealgue\/wp-content\/uploads\/usu157\/2022\/10\/image_photo_jpg_file-1024x1024.jpg 1024w, https:\/\/agora.xtec.cat\/ceipparealgue\/wp-content\/uploads\/usu157\/2022\/10\/image_photo_jpg_file-300x300.jpg 300w, https:\/\/agora.xtec.cat\/ceipparealgue\/wp-content\/uploads\/usu157\/2022\/10\/image_photo_jpg_file-150x150.jpg 150w, https:\/\/agora.xtec.cat\/ceipparealgue\/wp-content\/uploads\/usu157\/2022\/10\/image_photo_jpg_file-768x768.jpg 768w, https:\/\/agora.xtec.cat\/ceipparealgue\/wp-content\/uploads\/usu157\/2022\/10\/image_photo_jpg_file-1536x1536.jpg 1536w, https:\/\/agora.xtec.cat\/ceipparealgue\/wp-content\/uploads\/usu157\/2022\/10\/image_photo_jpg_file-2048x2048.jpg 2048w\" sizes=\"auto, (max-width: 60px) 100vw, 60px\" \/><\/a><\/p>\n","protected":false},"excerpt":{"rendered":"<p><a href=\"https:\/\/agora.xtec.cat\/ceipparealgue\/wp-content\/uploads\/usu157\/2023\/02\/Paul-Klee-1.jpg\"><\/a><br \/>\nEls infants de 2n estem treballant l&#8217;autor Paul Klee a les sessions d&#8217;Art.<br \/>\nHem conegut una mica la seva vida i algunes de les seves obres, ens hem fixat en el seu estil i hem intentat reproduir algunes de les seves pintures.<br \/>\nAmb la t\u00e8cnica de&hellip;  <a href=\"https:\/\/agora.xtec.cat\/ceipparealgue\/general\/treballem-lautor-paul-klee\/\" title=\"Read Treballem l&#8217;autor Paul Klee\">Llegeix m\u00e9s\u00bb<\/a><\/p>\n","protected":false},"author":50,"featured_media":0,"comment_status":"open","ping_status":"closed","sticky":false,"template":"","format":"standard","meta":{"_bbp_topic_count":0,"_bbp_reply_count":0,"_bbp_total_topic_count":0,"_bbp_total_reply_count":0,"_bbp_voice_count":0,"_bbp_anonymous_reply_count":0,"_bbp_topic_count_hidden":0,"_bbp_reply_count_hidden":0,"_bbp_forum_subforum_count":0,"footnotes":""},"categories":[1,4,8],"tags":[],"class_list":["post-4733","post","type-post","status-publish","format-standard","hentry","category-general","category-portada","category-8"],"post_mailing_queue_ids":[],"_links":{"self":[{"href":"https:\/\/agora.xtec.cat\/ceipparealgue\/wp-json\/wp\/v2\/posts\/4733","targetHints":{"allow":["GET"]}}],"collection":[{"href":"https:\/\/agora.xtec.cat\/ceipparealgue\/wp-json\/wp\/v2\/posts"}],"about":[{"href":"https:\/\/agora.xtec.cat\/ceipparealgue\/wp-json\/wp\/v2\/types\/post"}],"author":[{"embeddable":true,"href":"https:\/\/agora.xtec.cat\/ceipparealgue\/wp-json\/wp\/v2\/users\/50"}],"replies":[{"embeddable":true,"href":"https:\/\/agora.xtec.cat\/ceipparealgue\/wp-json\/wp\/v2\/comments?post=4733"}],"version-history":[{"count":3,"href":"https:\/\/agora.xtec.cat\/ceipparealgue\/wp-json\/wp\/v2\/posts\/4733\/revisions"}],"predecessor-version":[{"id":4737,"href":"https:\/\/agora.xtec.cat\/ceipparealgue\/wp-json\/wp\/v2\/posts\/4733\/revisions\/4737"}],"wp:attachment":[{"href":"https:\/\/agora.xtec.cat\/ceipparealgue\/wp-json\/wp\/v2\/media?parent=4733"}],"wp:term":[{"taxonomy":"category","embeddable":true,"href":"https:\/\/agora.xtec.cat\/ceipparealgue\/wp-json\/wp\/v2\/categories?post=4733"},{"taxonomy":"post_tag","embeddable":true,"href":"https:\/\/agora.xtec.cat\/ceipparealgue\/wp-json\/wp\/v2\/tags?post=4733"}],"curies":[{"name":"wp","href":"https:\/\/api.w.org\/{rel}","templated":true}]}}