{"id":473,"date":"2019-03-20T17:00:36","date_gmt":"2019-03-20T16:00:36","guid":{"rendered":"https:\/\/agora.xtec.cat\/ceipparealgue\/?p=473"},"modified":"2019-04-10T20:53:44","modified_gmt":"2019-04-10T18:53:44","slug":"preinscripcio-escolar-2019-2020","status":"publish","type":"post","link":"https:\/\/agora.xtec.cat\/ceipparealgue\/portada\/preinscripcio-escolar-2019-2020\/","title":{"rendered":"PREINSCRIPCI\u00d3 ESCOLAR 2019 &#8211; 2020"},"content":{"rendered":"<p>La preinscripci\u00f3 escolar 2019-2020 est\u00e0 a punt de posar-se en marxa. Ja s\u2019ha publicat el decret que estableix el procediment d\u2019admissi\u00f3 de l\u2019alumnat als centres en els ensenyaments sufragats amb fons p\u00fablics a les escoles de Catalunya.<\/p>\n<p>La novetat \u00e9s que s\u2019eliminen els criteris de prioritat complementaris seg\u00fcents:<\/p>\n<ul>\n<li>Que l\u2019alumne o alumna tingui una malaltia cr\u00f2nica que afecta el seu sistema digestiu, endocr\u00ed o metab\u00f2lic, inclosos els cel\u00edacs.<\/li>\n<li>Que el pare, mare, tutors o germans hagin estat escolaritzats al centre.<\/li>\n<\/ul>\n<p>El calendari establert per a la realitzaci\u00f3 de la preinscripci\u00f3 a educaci\u00f3 infantil de segon cicle (P3), educaci\u00f3 prim\u00e0ria i educaci\u00f3 secund\u00e0ria obligat\u00f2ria (ESO) ser\u00e0 del\u00a0<strong>29 de mar\u00e7 al 9 d\u2019abril del 2019.<\/strong><\/p>\n<h4><span style=\"color: #3366ff;\">La jornada de portes obertes a l\u2019escola ser\u00e0 el <span style=\"color: #0000ff;\">divendres 22 de mar\u00e7<\/span>,\u00a0de les<\/span><strong><span style=\"color: #3366ff;\">\u00a0<span style=\"color: #0000ff;\">15.00<\/span> a les <span style=\"color: #0000ff;\">16.30<\/span> hores.<\/span>\u00a0<\/strong><\/h4>\n","protected":false},"excerpt":{"rendered":"<p>La preinscripci\u00f3 escolar 2019-2020 est\u00e0 a punt de posar-se en marxa. Ja s\u2019ha publicat el decret que estableix el procediment d\u2019admissi\u00f3 de l\u2019alumnat als centres en els ensenyaments sufragats amb fons p\u00fablics a les escoles de Catalunya.<br \/>\nLa novetat \u00e9s que s\u2019eliminen els criteris de prioritat&hellip;  <a href=\"https:\/\/agora.xtec.cat\/ceipparealgue\/portada\/preinscripcio-escolar-2019-2020\/\" title=\"Read PREINSCRIPCI\u00d3 ESCOLAR 2019 &#8211; 2020\">Llegeix m\u00e9s\u00bb<\/a><\/p>\n","protected":false},"author":1,"featured_media":0,"comment_status":"open","ping_status":"closed","sticky":false,"template":"","format":"standard","meta":{"_bbp_topic_count":0,"_bbp_reply_count":0,"_bbp_total_topic_count":0,"_bbp_total_reply_count":0,"_bbp_voice_count":0,"_bbp_anonymous_reply_count":0,"_bbp_topic_count_hidden":0,"_bbp_reply_count_hidden":0,"_bbp_forum_subforum_count":0,"footnotes":""},"categories":[4],"tags":[],"class_list":["post-473","post","type-post","status-publish","format-standard","hentry","category-portada"],"post_mailing_queue_ids":[],"_links":{"self":[{"href":"https:\/\/agora.xtec.cat\/ceipparealgue\/wp-json\/wp\/v2\/posts\/473","targetHints":{"allow":["GET"]}}],"collection":[{"href":"https:\/\/agora.xtec.cat\/ceipparealgue\/wp-json\/wp\/v2\/posts"}],"about":[{"href":"https:\/\/agora.xtec.cat\/ceipparealgue\/wp-json\/wp\/v2\/types\/post"}],"author":[{"embeddable":true,"href":"https:\/\/agora.xtec.cat\/ceipparealgue\/wp-json\/wp\/v2\/users\/1"}],"replies":[{"embeddable":true,"href":"https:\/\/agora.xtec.cat\/ceipparealgue\/wp-json\/wp\/v2\/comments?post=473"}],"version-history":[{"count":1,"href":"https:\/\/agora.xtec.cat\/ceipparealgue\/wp-json\/wp\/v2\/posts\/473\/revisions"}],"predecessor-version":[{"id":474,"href":"https:\/\/agora.xtec.cat\/ceipparealgue\/wp-json\/wp\/v2\/posts\/473\/revisions\/474"}],"wp:attachment":[{"href":"https:\/\/agora.xtec.cat\/ceipparealgue\/wp-json\/wp\/v2\/media?parent=473"}],"wp:term":[{"taxonomy":"category","embeddable":true,"href":"https:\/\/agora.xtec.cat\/ceipparealgue\/wp-json\/wp\/v2\/categories?post=473"},{"taxonomy":"post_tag","embeddable":true,"href":"https:\/\/agora.xtec.cat\/ceipparealgue\/wp-json\/wp\/v2\/tags?post=473"}],"curies":[{"name":"wp","href":"https:\/\/api.w.org\/{rel}","templated":true}]}}