{"id":4720,"date":"2023-02-02T23:57:26","date_gmt":"2023-02-02T22:57:26","guid":{"rendered":"https:\/\/agora.xtec.cat\/ceipparealgue\/?p=4720"},"modified":"2023-02-03T12:38:53","modified_gmt":"2023-02-03T11:38:53","slug":"i3-amb-ganes-de-carnaval","status":"publish","type":"post","link":"https:\/\/agora.xtec.cat\/ceipparealgue\/general\/i3-amb-ganes-de-carnaval\/","title":{"rendered":"i3- AMB GANES DE CARNAVAL"},"content":{"rendered":"<p>Els nens i nenes d&#8217;I3 ja hem estrenat rac\u00f3 a l&#8217;aula de Carnaval. Tamb\u00e9 hem anat a veure el rac\u00f3 que hi ha al passad\u00eds de l&#8217;escola. Ens ho hem passat d&#8217;all\u00f2 m\u00e9s b\u00e9 posant-nos barrets, l&#8217;antifa\u00e7, etc. A l&#8217;aula hem treballat el vocabulari de diferents possibles disfresses i hem jugat a disfressar-nos en el rac\u00f3 de disfressa del joc simb\u00f2lic. Tenim moltes ganes que arribi la setmana de Carnaval!<\/p>\n<p>PD: Estem confeccionant la nostra disfressa! Pr\u00f2ximament ho veureu. No us ho perdeu&#8230; anirem d&#8217;estrelles! <a href=\"https:\/\/photos.app.goo.gl\/JDQFeAVmTXTnLbkS7\"><img loading=\"lazy\" decoding=\"async\" class=\"wp-image-4721 aligncenter\" src=\"https:\/\/agora.xtec.cat\/ceipparealgue\/wp-content\/uploads\/usu157\/2023\/02\/5-300x212.png\" alt=\"\" width=\"395\" height=\"279\" srcset=\"https:\/\/agora.xtec.cat\/ceipparealgue\/wp-content\/uploads\/usu157\/2023\/02\/5-300x212.png 300w, https:\/\/agora.xtec.cat\/ceipparealgue\/wp-content\/uploads\/usu157\/2023\/02\/5-1024x724.png 1024w, https:\/\/agora.xtec.cat\/ceipparealgue\/wp-content\/uploads\/usu157\/2023\/02\/5-768x543.png 768w, https:\/\/agora.xtec.cat\/ceipparealgue\/wp-content\/uploads\/usu157\/2023\/02\/5-1536x1086.png 1536w, https:\/\/agora.xtec.cat\/ceipparealgue\/wp-content\/uploads\/usu157\/2023\/02\/5.png 2000w\" sizes=\"auto, (max-width: 395px) 100vw, 395px\" \/><\/a><\/p>\n","protected":false},"excerpt":{"rendered":"<p>Els nens i nenes d&#8217;I3 ja hem estrenat rac\u00f3 a l&#8217;aula de Carnaval. Tamb\u00e9 hem anat a veure el rac\u00f3 que hi ha al passad\u00eds de l&#8217;escola. Ens ho hem passat d&#8217;all\u00f2 m\u00e9s b\u00e9 posant-nos barrets, l&#8217;antifa\u00e7, etc. A l&#8217;aula hem treballat el vocabulari de&hellip;  <a href=\"https:\/\/agora.xtec.cat\/ceipparealgue\/general\/i3-amb-ganes-de-carnaval\/\" title=\"Read i3- AMB GANES DE CARNAVAL\">Llegeix m\u00e9s\u00bb<\/a><\/p>\n","protected":false},"author":49,"featured_media":0,"comment_status":"open","ping_status":"closed","sticky":false,"template":"","format":"standard","meta":{"_bbp_topic_count":0,"_bbp_reply_count":0,"_bbp_total_topic_count":0,"_bbp_total_reply_count":0,"_bbp_voice_count":0,"_bbp_anonymous_reply_count":0,"_bbp_topic_count_hidden":0,"_bbp_reply_count_hidden":0,"_bbp_forum_subforum_count":0,"footnotes":""},"categories":[1,2,4,73],"tags":[],"class_list":["post-4720","post","type-post","status-publish","format-standard","hentry","category-general","category-infantil","category-portada","category-promocio-2019"],"post_mailing_queue_ids":[],"_links":{"self":[{"href":"https:\/\/agora.xtec.cat\/ceipparealgue\/wp-json\/wp\/v2\/posts\/4720","targetHints":{"allow":["GET"]}}],"collection":[{"href":"https:\/\/agora.xtec.cat\/ceipparealgue\/wp-json\/wp\/v2\/posts"}],"about":[{"href":"https:\/\/agora.xtec.cat\/ceipparealgue\/wp-json\/wp\/v2\/types\/post"}],"author":[{"embeddable":true,"href":"https:\/\/agora.xtec.cat\/ceipparealgue\/wp-json\/wp\/v2\/users\/49"}],"replies":[{"embeddable":true,"href":"https:\/\/agora.xtec.cat\/ceipparealgue\/wp-json\/wp\/v2\/comments?post=4720"}],"version-history":[{"count":2,"href":"https:\/\/agora.xtec.cat\/ceipparealgue\/wp-json\/wp\/v2\/posts\/4720\/revisions"}],"predecessor-version":[{"id":4728,"href":"https:\/\/agora.xtec.cat\/ceipparealgue\/wp-json\/wp\/v2\/posts\/4720\/revisions\/4728"}],"wp:attachment":[{"href":"https:\/\/agora.xtec.cat\/ceipparealgue\/wp-json\/wp\/v2\/media?parent=4720"}],"wp:term":[{"taxonomy":"category","embeddable":true,"href":"https:\/\/agora.xtec.cat\/ceipparealgue\/wp-json\/wp\/v2\/categories?post=4720"},{"taxonomy":"post_tag","embeddable":true,"href":"https:\/\/agora.xtec.cat\/ceipparealgue\/wp-json\/wp\/v2\/tags?post=4720"}],"curies":[{"name":"wp","href":"https:\/\/api.w.org\/{rel}","templated":true}]}}