{"id":4701,"date":"2023-01-28T08:01:13","date_gmt":"2023-01-28T07:01:13","guid":{"rendered":"https:\/\/agora.xtec.cat\/ceipparealgue\/?p=4701"},"modified":"2023-01-28T08:08:06","modified_gmt":"2023-01-28T07:08:06","slug":"ei4-de-que-fa-gust-la-lluna","status":"publish","type":"post","link":"https:\/\/agora.xtec.cat\/ceipparealgue\/infantil\/ei4-de-que-fa-gust-la-lluna\/","title":{"rendered":"EI4: De qu\u00e8 fa gust la lluna?"},"content":{"rendered":"<p><span style=\"font-weight: 400\">Benvolgudes fam\u00edlies!<\/span><\/p>\n<p><a href=\"https:\/\/agora.xtec.cat\/ceipparealgue\/wp-content\/uploads\/usu157\/2023\/01\/1668974882152.jpg\"><img loading=\"lazy\" decoding=\"async\" class=\"alignnone size-large wp-image-4703\" src=\"https:\/\/agora.xtec.cat\/ceipparealgue\/wp-content\/uploads\/usu157\/2023\/01\/1668974882152-1024x1024.jpg\" alt=\"\" width=\"1024\" height=\"1024\" srcset=\"https:\/\/agora.xtec.cat\/ceipparealgue\/wp-content\/uploads\/usu157\/2023\/01\/1668974882152-1024x1024.jpg 1024w, https:\/\/agora.xtec.cat\/ceipparealgue\/wp-content\/uploads\/usu157\/2023\/01\/1668974882152-300x300.jpg 300w, https:\/\/agora.xtec.cat\/ceipparealgue\/wp-content\/uploads\/usu157\/2023\/01\/1668974882152-150x150.jpg 150w, https:\/\/agora.xtec.cat\/ceipparealgue\/wp-content\/uploads\/usu157\/2023\/01\/1668974882152-768x768.jpg 768w, https:\/\/agora.xtec.cat\/ceipparealgue\/wp-content\/uploads\/usu157\/2023\/01\/1668974882152-1536x1536.jpg 1536w, https:\/\/agora.xtec.cat\/ceipparealgue\/wp-content\/uploads\/usu157\/2023\/01\/1668974882152.jpg 1920w\" sizes=\"auto, (max-width: 1024px) 100vw, 1024px\" \/><\/a><\/p>\n<p><span style=\"font-weight: 400\">El trimestre passat, les llunes vam comen\u00e7ar a fer tot un seguit d\u2019activitats d\u2019aprenentatge a partir d\u2019un conte:<\/span><b> \u201cDE QU\u00c8 FA GUST LA LLUNA?\u201d<\/b><span style=\"font-weight: 400\">.<\/span><\/p>\n<p><span style=\"font-weight: 400\">\u00c9s un conte que est\u00e0 farcit d\u2019animals; uns animals encuriosits que volen tastar la lluna, per saber quin gust t\u00e9 i que s\u2019hauran d\u2019ajudar, els uns als altres, per poder aconseguir-ho. Un conte que fomenta valors com la <strong>cooperaci\u00f3<\/strong>, el <strong>treball en equip<\/strong> o l\u2019<strong>amistat<\/strong>.<\/span><\/p>\n<p><span style=\"font-weight: 400\">Precisament ahir, els infants es van endur a casa un llibret on hi ha tots els animals de la hist\u00f2ria, que han pintat ells mateixos i on han escrit el seu nom.<\/span><\/p>\n<p><span style=\"font-weight: 400\">A part, un dia vam tastar la lluna i vam parlar de qu\u00e8 ens agrada menjar i qu\u00e8 no ens agrada tant.<\/span><\/p>\n<p><span style=\"font-weight: 400\">Tamb\u00e9 vam mesurar-nos, amb un mesurador del conte, que ara el tenim penjat a l\u2019aula; i d\u2019aqu\u00ed uns mesos, ho tornarem a fer i comprovarem s\u00ed hem crescut. Vam aprofitar aquesta activitat per endinsar-nos en la mesura i vam fer algunes sessions d\u2019experimentaci\u00f3, tot manipulant diferents estris de mesura i mesurant coses que hi havia a la classe o a nosaltres mateixos.<\/span><\/p>\n<p><span style=\"font-weight: 400\">A m\u00e9s, vam fer un plaf\u00f3 del conte amb tots els animals i la lluna per poder-hi jugar i representar la hist\u00f2ria; un joc de mem\u00f2ria amb els protagonistes i una ruleta dels animals, que la feiem girar i ens convert\u00edem en l\u2019animal que assenyalava la fletxa.<\/span><\/p>\n<p><span style=\"font-weight: 400\">Hem gaudit molt treballant aquest conte i ahir vam marxar ben cofois amb el nostre llibret. Aviam si les llunes us expliquen tot el que hem fet!<\/span><\/p>\n<p><span style=\"font-weight: 400\">Si cliqueu el seg\u00fcent enlla\u00e7 (<\/span><a href=\"https:\/\/youtu.be\/1bN-vfs2o9c\"><span style=\"font-weight: 400\">https:\/\/youtu.be\/1bN-vfs2o9c<\/span><\/a><span style=\"font-weight: 400\">) podreu visionar el conte, acompanyant les\/els vostres filles i fills.<\/span><\/p>\n<p><span style=\"font-weight: 400\">I si cliqueu sobre la imatge, podreu veure unes quantes fotos de tot el que hem anat fent. Esperem que us agradin!<\/span><\/p>\n<p><a href=\"https:\/\/photos.app.goo.gl\/D6sPJZSw6hVZK4Ud9\"><img loading=\"lazy\" decoding=\"async\" class=\"alignnone wp-image-4702 size-medium\" src=\"https:\/\/agora.xtec.cat\/ceipparealgue\/wp-content\/uploads\/usu157\/2023\/01\/1668072078775-180x300.jpg\" alt=\"\" width=\"180\" height=\"300\" srcset=\"https:\/\/agora.xtec.cat\/ceipparealgue\/wp-content\/uploads\/usu157\/2023\/01\/1668072078775-180x300.jpg 180w, https:\/\/agora.xtec.cat\/ceipparealgue\/wp-content\/uploads\/usu157\/2023\/01\/1668072078775-615x1024.jpg 615w, https:\/\/agora.xtec.cat\/ceipparealgue\/wp-content\/uploads\/usu157\/2023\/01\/1668072078775-768x1279.jpg 768w, https:\/\/agora.xtec.cat\/ceipparealgue\/wp-content\/uploads\/usu157\/2023\/01\/1668072078775-923x1536.jpg 923w, https:\/\/agora.xtec.cat\/ceipparealgue\/wp-content\/uploads\/usu157\/2023\/01\/1668072078775-1230x2048.jpg 1230w, https:\/\/agora.xtec.cat\/ceipparealgue\/wp-content\/uploads\/usu157\/2023\/01\/1668072078775-scaled.jpg 1538w\" sizes=\"auto, (max-width: 180px) 100vw, 180px\" \/><\/a><\/p>\n<p><span style=\"font-weight: 400\">Fins aviat!<\/span><\/p>\n<p>&nbsp;<\/p>\n","protected":false},"excerpt":{"rendered":"<p>Benvolgudes fam\u00edlies!<br \/>\n<a href=\"https:\/\/agora.xtec.cat\/ceipparealgue\/wp-content\/uploads\/usu157\/2023\/01\/1668974882152.jpg\"><\/a><br \/>\nEl trimestre passat, les llunes vam comen\u00e7ar a fer tot un seguit d\u2019activitats d\u2019aprenentatge a partir d\u2019un conte: \u201cDE QU\u00c8 FA GUST LA LLUNA?\u201d.<br \/>\n\u00c9s un conte que est\u00e0 farcit d\u2019animals; uns animals encuriosits que volen tastar la lluna, per saber quin gust t\u00e9&hellip;  <a href=\"https:\/\/agora.xtec.cat\/ceipparealgue\/infantil\/ei4-de-que-fa-gust-la-lluna\/\" title=\"Read EI4: De qu\u00e8 fa gust la lluna?\">Llegeix m\u00e9s\u00bb<\/a><\/p>\n","protected":false},"author":49,"featured_media":4703,"comment_status":"closed","ping_status":"closed","sticky":false,"template":"","format":"standard","meta":{"_bbp_topic_count":0,"_bbp_reply_count":0,"_bbp_total_topic_count":0,"_bbp_total_reply_count":0,"_bbp_voice_count":0,"_bbp_anonymous_reply_count":0,"_bbp_topic_count_hidden":0,"_bbp_reply_count_hidden":0,"_bbp_forum_subforum_count":0,"footnotes":""},"categories":[2,4,68],"tags":[],"class_list":["post-4701","post","type-post","status-publish","format-standard","has-post-thumbnail","hentry","category-infantil","category-portada","category-68"],"post_mailing_queue_ids":[],"_links":{"self":[{"href":"https:\/\/agora.xtec.cat\/ceipparealgue\/wp-json\/wp\/v2\/posts\/4701","targetHints":{"allow":["GET"]}}],"collection":[{"href":"https:\/\/agora.xtec.cat\/ceipparealgue\/wp-json\/wp\/v2\/posts"}],"about":[{"href":"https:\/\/agora.xtec.cat\/ceipparealgue\/wp-json\/wp\/v2\/types\/post"}],"author":[{"embeddable":true,"href":"https:\/\/agora.xtec.cat\/ceipparealgue\/wp-json\/wp\/v2\/users\/49"}],"replies":[{"embeddable":true,"href":"https:\/\/agora.xtec.cat\/ceipparealgue\/wp-json\/wp\/v2\/comments?post=4701"}],"version-history":[{"count":3,"href":"https:\/\/agora.xtec.cat\/ceipparealgue\/wp-json\/wp\/v2\/posts\/4701\/revisions"}],"predecessor-version":[{"id":4706,"href":"https:\/\/agora.xtec.cat\/ceipparealgue\/wp-json\/wp\/v2\/posts\/4701\/revisions\/4706"}],"wp:featuredmedia":[{"embeddable":true,"href":"https:\/\/agora.xtec.cat\/ceipparealgue\/wp-json\/wp\/v2\/media\/4703"}],"wp:attachment":[{"href":"https:\/\/agora.xtec.cat\/ceipparealgue\/wp-json\/wp\/v2\/media?parent=4701"}],"wp:term":[{"taxonomy":"category","embeddable":true,"href":"https:\/\/agora.xtec.cat\/ceipparealgue\/wp-json\/wp\/v2\/categories?post=4701"},{"taxonomy":"post_tag","embeddable":true,"href":"https:\/\/agora.xtec.cat\/ceipparealgue\/wp-json\/wp\/v2\/tags?post=4701"}],"curies":[{"name":"wp","href":"https:\/\/api.w.org\/{rel}","templated":true}]}}