{"id":4676,"date":"2023-01-26T16:36:11","date_gmt":"2023-01-26T15:36:11","guid":{"rendered":"https:\/\/agora.xtec.cat\/ceipparealgue\/?p=4676"},"modified":"2023-01-26T17:11:56","modified_gmt":"2023-01-26T16:11:56","slug":"i3-treballem-lunivers","status":"publish","type":"post","link":"https:\/\/agora.xtec.cat\/ceipparealgue\/general\/i3-treballem-lunivers\/","title":{"rendered":"i3- treballem l&#8217;Univers"},"content":{"rendered":"<p>Els nens i nenes d&#8217;I3 som la classe de les estrelles, a partir del projecte de treballar el nom de la classe, hem estat descobrint moltes coses sobre les estrelles, sobre els planetes i l&#8217;Univers. Estem molt engrescats amb la tem\u00e0tica! Fins i tot, ara al febrer, ens constru\u00efrem la nostra pr\u00f2pia disfressa d&#8217;estrelles! En tenim moltes ganes! A m\u00e9s a m\u00e9s, cada dia el rac\u00f3 de l&#8217;aula destinat a la descoberta de l&#8217;Univers va creixent. Hi tenim un coet, que ens permet comptar fins molt amunt! Si voleu veure les imatges cliqueu la seg\u00fcent imatge.<\/p>\n<p><a href=\"https:\/\/photos.google.com\/share\/AF1QipPhASeKS8tAzswC-3mExb75he4rCFGQwpZWoGBkht310YKeT4zNLJQ9HNmRYXV2Lw?key=S0ZVdThCZGstU0NDVEFhdndfeFVkUjZodml3dlRR\"><img loading=\"lazy\" decoding=\"async\" class=\"wp-image-4678 size-medium aligncenter\" src=\"https:\/\/agora.xtec.cat\/ceipparealgue\/wp-content\/uploads\/usu157\/2023\/01\/4-1-300x212.png\" alt=\"\" width=\"300\" height=\"212\" srcset=\"https:\/\/agora.xtec.cat\/ceipparealgue\/wp-content\/uploads\/usu157\/2023\/01\/4-1-300x212.png 300w, https:\/\/agora.xtec.cat\/ceipparealgue\/wp-content\/uploads\/usu157\/2023\/01\/4-1-1024x724.png 1024w, https:\/\/agora.xtec.cat\/ceipparealgue\/wp-content\/uploads\/usu157\/2023\/01\/4-1-768x543.png 768w, https:\/\/agora.xtec.cat\/ceipparealgue\/wp-content\/uploads\/usu157\/2023\/01\/4-1-1536x1086.png 1536w, https:\/\/agora.xtec.cat\/ceipparealgue\/wp-content\/uploads\/usu157\/2023\/01\/4-1.png 2000w\" sizes=\"auto, (max-width: 300px) 100vw, 300px\" \/><\/a><\/p>\n","protected":false},"excerpt":{"rendered":"<p>Els nens i nenes d&#8217;I3 som la classe de les estrelles, a partir del projecte de treballar el nom de la classe, hem estat descobrint moltes coses sobre les estrelles, sobre els planetes i l&#8217;Univers. Estem molt engrescats amb la tem\u00e0tica! Fins i tot, ara&hellip;  <a href=\"https:\/\/agora.xtec.cat\/ceipparealgue\/general\/i3-treballem-lunivers\/\" title=\"Read i3- treballem l&#8217;Univers\">Llegeix m\u00e9s\u00bb<\/a><\/p>\n","protected":false},"author":49,"featured_media":0,"comment_status":"open","ping_status":"closed","sticky":false,"template":"","format":"standard","meta":{"_bbp_topic_count":0,"_bbp_reply_count":0,"_bbp_total_topic_count":0,"_bbp_total_reply_count":0,"_bbp_voice_count":0,"_bbp_anonymous_reply_count":0,"_bbp_topic_count_hidden":0,"_bbp_reply_count_hidden":0,"_bbp_forum_subforum_count":0,"footnotes":""},"categories":[1,2,4,73],"tags":[],"class_list":["post-4676","post","type-post","status-publish","format-standard","hentry","category-general","category-infantil","category-portada","category-promocio-2019"],"post_mailing_queue_ids":[],"_links":{"self":[{"href":"https:\/\/agora.xtec.cat\/ceipparealgue\/wp-json\/wp\/v2\/posts\/4676","targetHints":{"allow":["GET"]}}],"collection":[{"href":"https:\/\/agora.xtec.cat\/ceipparealgue\/wp-json\/wp\/v2\/posts"}],"about":[{"href":"https:\/\/agora.xtec.cat\/ceipparealgue\/wp-json\/wp\/v2\/types\/post"}],"author":[{"embeddable":true,"href":"https:\/\/agora.xtec.cat\/ceipparealgue\/wp-json\/wp\/v2\/users\/49"}],"replies":[{"embeddable":true,"href":"https:\/\/agora.xtec.cat\/ceipparealgue\/wp-json\/wp\/v2\/comments?post=4676"}],"version-history":[{"count":3,"href":"https:\/\/agora.xtec.cat\/ceipparealgue\/wp-json\/wp\/v2\/posts\/4676\/revisions"}],"predecessor-version":[{"id":4681,"href":"https:\/\/agora.xtec.cat\/ceipparealgue\/wp-json\/wp\/v2\/posts\/4676\/revisions\/4681"}],"wp:attachment":[{"href":"https:\/\/agora.xtec.cat\/ceipparealgue\/wp-json\/wp\/v2\/media?parent=4676"}],"wp:term":[{"taxonomy":"category","embeddable":true,"href":"https:\/\/agora.xtec.cat\/ceipparealgue\/wp-json\/wp\/v2\/categories?post=4676"},{"taxonomy":"post_tag","embeddable":true,"href":"https:\/\/agora.xtec.cat\/ceipparealgue\/wp-json\/wp\/v2\/tags?post=4676"}],"curies":[{"name":"wp","href":"https:\/\/api.w.org\/{rel}","templated":true}]}}