{"id":4651,"date":"2023-01-23T17:01:28","date_gmt":"2023-01-23T16:01:28","guid":{"rendered":"https:\/\/agora.xtec.cat\/ceipparealgue\/?p=4651"},"modified":"2023-01-23T17:01:28","modified_gmt":"2023-01-23T16:01:28","slug":"visita-de-2n-a-la-biblioteca-de-lateneu-les-bases","status":"publish","type":"post","link":"https:\/\/agora.xtec.cat\/ceipparealgue\/portada\/visita-de-2n-a-la-biblioteca-de-lateneu-les-bases\/","title":{"rendered":"VISITA DE 2N A LA BIBLIOTECA DE L&#8217;ATENEU LES BASES"},"content":{"rendered":"<p>Hola!!<\/p>\n<p>El passat dimarts dia 17 vam anar a visitar la biblioteca de l&#8217;Ateneu Les Bases. Ens ho vam passar d&#8217;all\u00f2 m\u00e9s b\u00e9!<\/p>\n<p>Ens van ensenyar el funcionament del pr\u00e9stec i despr\u00e9s vam baixar cap a la biblioteca infantil. Com que els hi vam dir que l&#8217;eix transversal de l&#8217;escola d&#8217;aquest any era l&#8217;Univers, ens van preparar tot de llibres que tractaven del tema.<\/p>\n<p>Primer ens van explicar un conte d&#8217;un sat\u00e8lit que ens va agradar molt i despr\u00e9s ens van deixar mirar i llegir lliurement els llibres i contes que ens havien preparat. Uns quants d&#8217;aquests ens els hem emportat amb pr\u00e9stec a l&#8217;escola per poder trobar informaci\u00f3 de l&#8217;Univers.<\/p>\n<p>Ens va encantar l&#8217;experi\u00e8ncia!!<\/p>\n<p>&nbsp;<\/p>\n<p><img loading=\"lazy\" decoding=\"async\" class=\"\" src=\"https:\/\/lh3.googleusercontent.com\/pw\/AMWts8Cs7KYPrb-OTYonmnbT9TZgdDekY_KFGPSQzyMTfTj7zuuqT2GttBYf-_ZURP2yHIZ-Yac3gI3Fkrjb37MW1wrvzzEBuiYLM_uDnREbYCZRsYDp97eLqLxLzSu_3OhJuw3FBPBQtB79BfMlWDiDXek9=w876-h657-no?authuser=1\" width=\"383\" height=\"287\" \/><\/p>\n<p><a href=\"https:\/\/photos.app.goo.gl\/Q94ZtMrh86qQKXjN7\">Aqu\u00ed podeu veure les fotos que vam fer!!<\/a><\/p>\n","protected":false},"excerpt":{"rendered":"<p>Hola!!<br \/>\nEl passat dimarts dia 17 vam anar a visitar la biblioteca de l&#8217;Ateneu Les Bases. Ens ho vam passar d&#8217;all\u00f2 m\u00e9s b\u00e9!<br \/>\nEns van ensenyar el funcionament del pr\u00e9stec i despr\u00e9s vam baixar cap a la biblioteca infantil. Com que els hi vam dir que l&#8217;eix&hellip;  <a href=\"https:\/\/agora.xtec.cat\/ceipparealgue\/portada\/visita-de-2n-a-la-biblioteca-de-lateneu-les-bases\/\" title=\"Read VISITA DE 2N A LA BIBLIOTECA DE L&#8217;ATENEU LES BASES\">Llegeix m\u00e9s\u00bb<\/a><\/p>\n","protected":false},"author":50,"featured_media":0,"comment_status":"closed","ping_status":"closed","sticky":false,"template":"","format":"standard","meta":{"_bbp_topic_count":0,"_bbp_reply_count":0,"_bbp_total_topic_count":0,"_bbp_total_reply_count":0,"_bbp_voice_count":0,"_bbp_anonymous_reply_count":0,"_bbp_topic_count_hidden":0,"_bbp_reply_count_hidden":0,"_bbp_forum_subforum_count":0,"footnotes":""},"categories":[4,8],"tags":[],"class_list":["post-4651","post","type-post","status-publish","format-standard","hentry","category-portada","category-8"],"post_mailing_queue_ids":[],"_links":{"self":[{"href":"https:\/\/agora.xtec.cat\/ceipparealgue\/wp-json\/wp\/v2\/posts\/4651","targetHints":{"allow":["GET"]}}],"collection":[{"href":"https:\/\/agora.xtec.cat\/ceipparealgue\/wp-json\/wp\/v2\/posts"}],"about":[{"href":"https:\/\/agora.xtec.cat\/ceipparealgue\/wp-json\/wp\/v2\/types\/post"}],"author":[{"embeddable":true,"href":"https:\/\/agora.xtec.cat\/ceipparealgue\/wp-json\/wp\/v2\/users\/50"}],"replies":[{"embeddable":true,"href":"https:\/\/agora.xtec.cat\/ceipparealgue\/wp-json\/wp\/v2\/comments?post=4651"}],"version-history":[{"count":1,"href":"https:\/\/agora.xtec.cat\/ceipparealgue\/wp-json\/wp\/v2\/posts\/4651\/revisions"}],"predecessor-version":[{"id":4652,"href":"https:\/\/agora.xtec.cat\/ceipparealgue\/wp-json\/wp\/v2\/posts\/4651\/revisions\/4652"}],"wp:attachment":[{"href":"https:\/\/agora.xtec.cat\/ceipparealgue\/wp-json\/wp\/v2\/media?parent=4651"}],"wp:term":[{"taxonomy":"category","embeddable":true,"href":"https:\/\/agora.xtec.cat\/ceipparealgue\/wp-json\/wp\/v2\/categories?post=4651"},{"taxonomy":"post_tag","embeddable":true,"href":"https:\/\/agora.xtec.cat\/ceipparealgue\/wp-json\/wp\/v2\/tags?post=4651"}],"curies":[{"name":"wp","href":"https:\/\/api.w.org\/{rel}","templated":true}]}}