{"id":4643,"date":"2023-01-20T16:15:33","date_gmt":"2023-01-20T15:15:33","guid":{"rendered":"https:\/\/agora.xtec.cat\/ceipparealgue\/?p=4643"},"modified":"2023-01-27T16:19:27","modified_gmt":"2023-01-27T15:19:27","slug":"a-bufar","status":"publish","type":"post","link":"https:\/\/agora.xtec.cat\/ceipparealgue\/infantil\/a-bufar\/","title":{"rendered":"A BUFAR!"},"content":{"rendered":"<p>Els i les alumnes d\u2019educaci\u00f3 infantil, estem fent un gran treball del buf. El buf \u00e9s la capacitat per bufar, \u00e9s fonamental per adquirir una articulaci\u00f3 adequada i ens beneficia a:<\/p>\n<ul>\n<li>Preparar i entrenar el sistema muscular que participa en l&#8217;acte de parlar.<\/li>\n<li>Optimitzar i millorar la pronunciaci\u00f3.<\/li>\n<li>Consolidar fonemes.<\/li>\n<li>Perparar, entrenar i millorar la respiraci\u00f3, tenint un control de l&#8217;aire per parlar.<\/li>\n<\/ul>\n<p>Per poder veure el recull de fotograf\u00edes de cada setmana, cliqueu sobre la seg\u00fcent imatge:<\/p>\n<p><a href=\"https:\/\/photos.app.goo.gl\/ZJQHGkGD17EMvwtP8\"><img loading=\"lazy\" decoding=\"async\" class=\"wp-image-4644 alignleft\" src=\"https:\/\/agora.xtec.cat\/ceipparealgue\/wp-content\/uploads\/usu157\/2023\/01\/Disseny-sense-titol-1024x727.png\" alt=\"\" width=\"316\" height=\"224\" srcset=\"https:\/\/agora.xtec.cat\/ceipparealgue\/wp-content\/uploads\/usu157\/2023\/01\/Disseny-sense-titol-1024x727.png 1024w, https:\/\/agora.xtec.cat\/ceipparealgue\/wp-content\/uploads\/usu157\/2023\/01\/Disseny-sense-titol-300x213.png 300w, https:\/\/agora.xtec.cat\/ceipparealgue\/wp-content\/uploads\/usu157\/2023\/01\/Disseny-sense-titol-768x545.png 768w, https:\/\/agora.xtec.cat\/ceipparealgue\/wp-content\/uploads\/usu157\/2023\/01\/Disseny-sense-titol-1536x1090.png 1536w, https:\/\/agora.xtec.cat\/ceipparealgue\/wp-content\/uploads\/usu157\/2023\/01\/Disseny-sense-titol.png 1625w\" sizes=\"auto, (max-width: 316px) 100vw, 316px\" \/><\/a><\/p>\n<p>&nbsp;<\/p>\n<p>&nbsp;<\/p>\n<p>&nbsp;<\/p>\n<p>&nbsp;<\/p>\n<p>&nbsp;<\/p>\n<p>&nbsp;<\/p>\n","protected":false},"excerpt":{"rendered":"<p>Els i les alumnes d\u2019educaci\u00f3 infantil, estem fent un gran treball del buf. El buf \u00e9s la capacitat per bufar, \u00e9s fonamental per adquirir una articulaci\u00f3 adequada i ens beneficia a:<\/p>\n<ul>\n<li>Preparar i entrenar el sistema muscular que participa en l&#8217;acte de parlar.<\/li>\n<li>Optimitzar i millorar la&hellip;  <a href=\"https:\/\/agora.xtec.cat\/ceipparealgue\/infantil\/a-bufar\/\" title=\"Read A BUFAR!\">Llegeix m\u00e9s\u00bb<\/a><br \/>\n","protected":false},"author":49,"featured_media":0,"comment_status":"closed","ping_status":"closed","sticky":false,"template":"","format":"standard","meta":{"_bbp_topic_count":0,"_bbp_reply_count":0,"_bbp_total_topic_count":0,"_bbp_total_reply_count":0,"_bbp_voice_count":0,"_bbp_anonymous_reply_count":0,"_bbp_topic_count_hidden":0,"_bbp_reply_count_hidden":0,"_bbp_forum_subforum_count":0,"footnotes":""},"categories":[2,4,66,68,73],"tags":[],"class_list":["post-4643","post","type-post","status-publish","format-standard","hentry","category-infantil","category-portada","category-66","category-68","category-promocio-2019"],"post_mailing_queue_ids":[],"_links":{"self":[{"href":"https:\/\/agora.xtec.cat\/ceipparealgue\/wp-json\/wp\/v2\/posts\/4643","targetHints":{"allow":["GET"]}}],"collection":[{"href":"https:\/\/agora.xtec.cat\/ceipparealgue\/wp-json\/wp\/v2\/posts"}],"about":[{"href":"https:\/\/agora.xtec.cat\/ceipparealgue\/wp-json\/wp\/v2\/types\/post"}],"author":[{"embeddable":true,"href":"https:\/\/agora.xtec.cat\/ceipparealgue\/wp-json\/wp\/v2\/users\/49"}],"replies":[{"embeddable":true,"href":"https:\/\/agora.xtec.cat\/ceipparealgue\/wp-json\/wp\/v2\/comments?post=4643"}],"version-history":[{"count":3,"href":"https:\/\/agora.xtec.cat\/ceipparealgue\/wp-json\/wp\/v2\/posts\/4643\/revisions"}],"predecessor-version":[{"id":4688,"href":"https:\/\/agora.xtec.cat\/ceipparealgue\/wp-json\/wp\/v2\/posts\/4643\/revisions\/4688"}],"wp:attachment":[{"href":"https:\/\/agora.xtec.cat\/ceipparealgue\/wp-json\/wp\/v2\/media?parent=4643"}],"wp:term":[{"taxonomy":"category","embeddable":true,"href":"https:\/\/agora.xtec.cat\/ceipparealgue\/wp-json\/wp\/v2\/categories?post=4643"},{"taxonomy":"post_tag","embeddable":true,"href":"https:\/\/agora.xtec.cat\/ceipparealgue\/wp-json\/wp\/v2\/tags?post=4643"}],"curies":[{"name":"wp","href":"https:\/\/api.w.org\/{rel}","templated":true}]}}