{"id":4619,"date":"2023-01-17T09:52:00","date_gmt":"2023-01-17T08:52:00","guid":{"rendered":"https:\/\/agora.xtec.cat\/ceipparealgue\/?p=4619"},"modified":"2023-01-17T14:00:46","modified_gmt":"2023-01-17T13:00:46","slug":"el-cicle-mitja-al-cosmocaixa","status":"publish","type":"post","link":"https:\/\/agora.xtec.cat\/ceipparealgue\/portada\/el-cicle-mitja-al-cosmocaixa\/","title":{"rendered":"El cicle mitj\u00e0 al CosmoCaixa!"},"content":{"rendered":"<p>Hem vist les estrelles! \ud83d\udcab<\/p>\n<p>El dijous 12 de gener, l&#8217;alumnat del cicle mitj\u00e0 vam anar al CosmoCaixa. Vam viatjar pel Sistema Solar en el Planetari i ens en vam adonar de tot el que hem estat aprenent sobre l&#8217;Univers. En sabem molt\u00edssim!<\/p>\n<p>Despr\u00e9s vam visitar el Museu, quanta ci\u00e8ncia! I el bosc encantat&#8230;ple d&#8217;animals i plantes. Ha estat una excursi\u00f3 \u00fanica i hem gaudit de valent. Si cliqueu a la foto podreu veure la resta!<\/p>\n<p><a href=\"https:\/\/photos.app.goo.gl\/7jzwwxa9Hqadjw148\"><img loading=\"lazy\" decoding=\"async\" class=\"alignnone wp-image-4620\" src=\"https:\/\/agora.xtec.cat\/ceipparealgue\/wp-content\/uploads\/usu157\/2023\/01\/1673942343444-771x1024.jpg\" alt=\"\" width=\"150\" height=\"199\" srcset=\"https:\/\/agora.xtec.cat\/ceipparealgue\/wp-content\/uploads\/usu157\/2023\/01\/1673942343444-771x1024.jpg 771w, https:\/\/agora.xtec.cat\/ceipparealgue\/wp-content\/uploads\/usu157\/2023\/01\/1673942343444-226x300.jpg 226w, https:\/\/agora.xtec.cat\/ceipparealgue\/wp-content\/uploads\/usu157\/2023\/01\/1673942343444-768x1020.jpg 768w, https:\/\/agora.xtec.cat\/ceipparealgue\/wp-content\/uploads\/usu157\/2023\/01\/1673942343444-1157x1536.jpg 1157w, https:\/\/agora.xtec.cat\/ceipparealgue\/wp-content\/uploads\/usu157\/2023\/01\/1673942343444-1542x2048.jpg 1542w, https:\/\/agora.xtec.cat\/ceipparealgue\/wp-content\/uploads\/usu157\/2023\/01\/1673942343444-scaled.jpg 1928w\" sizes=\"auto, (max-width: 150px) 100vw, 150px\" \/><\/a><\/p>\n","protected":false},"excerpt":{"rendered":"<p>Hem vist les estrelles! \ud83d\udcab<br \/>\nEl dijous 12 de gener, l&#8217;alumnat del cicle mitj\u00e0 vam anar al CosmoCaixa. Vam viatjar pel Sistema Solar en el Planetari i ens en vam adonar de tot el que hem estat aprenent sobre l&#8217;Univers. En sabem molt\u00edssim!<br \/>\nDespr\u00e9s vam visitar el&hellip;  <a href=\"https:\/\/agora.xtec.cat\/ceipparealgue\/portada\/el-cicle-mitja-al-cosmocaixa\/\" title=\"Read El cicle mitj\u00e0 al CosmoCaixa!\">Llegeix m\u00e9s\u00bb<\/a><\/p>\n","protected":false},"author":51,"featured_media":0,"comment_status":"closed","ping_status":"closed","sticky":false,"template":"","format":"standard","meta":{"_bbp_topic_count":0,"_bbp_reply_count":0,"_bbp_total_topic_count":0,"_bbp_total_reply_count":0,"_bbp_voice_count":0,"_bbp_anonymous_reply_count":0,"_bbp_topic_count_hidden":0,"_bbp_reply_count_hidden":0,"_bbp_forum_subforum_count":0,"footnotes":""},"categories":[4,10,9],"tags":[],"class_list":["post-4619","post","type-post","status-publish","format-standard","hentry","category-portada","category-10","category-9"],"post_mailing_queue_ids":[],"_links":{"self":[{"href":"https:\/\/agora.xtec.cat\/ceipparealgue\/wp-json\/wp\/v2\/posts\/4619","targetHints":{"allow":["GET"]}}],"collection":[{"href":"https:\/\/agora.xtec.cat\/ceipparealgue\/wp-json\/wp\/v2\/posts"}],"about":[{"href":"https:\/\/agora.xtec.cat\/ceipparealgue\/wp-json\/wp\/v2\/types\/post"}],"author":[{"embeddable":true,"href":"https:\/\/agora.xtec.cat\/ceipparealgue\/wp-json\/wp\/v2\/users\/51"}],"replies":[{"embeddable":true,"href":"https:\/\/agora.xtec.cat\/ceipparealgue\/wp-json\/wp\/v2\/comments?post=4619"}],"version-history":[{"count":2,"href":"https:\/\/agora.xtec.cat\/ceipparealgue\/wp-json\/wp\/v2\/posts\/4619\/revisions"}],"predecessor-version":[{"id":4627,"href":"https:\/\/agora.xtec.cat\/ceipparealgue\/wp-json\/wp\/v2\/posts\/4619\/revisions\/4627"}],"wp:attachment":[{"href":"https:\/\/agora.xtec.cat\/ceipparealgue\/wp-json\/wp\/v2\/media?parent=4619"}],"wp:term":[{"taxonomy":"category","embeddable":true,"href":"https:\/\/agora.xtec.cat\/ceipparealgue\/wp-json\/wp\/v2\/categories?post=4619"},{"taxonomy":"post_tag","embeddable":true,"href":"https:\/\/agora.xtec.cat\/ceipparealgue\/wp-json\/wp\/v2\/tags?post=4619"}],"curies":[{"name":"wp","href":"https:\/\/api.w.org\/{rel}","templated":true}]}}