{"id":4546,"date":"2022-12-23T13:05:55","date_gmt":"2022-12-23T12:05:55","guid":{"rendered":"https:\/\/agora.xtec.cat\/ceipparealgue\/?p=4546"},"modified":"2022-12-23T13:06:30","modified_gmt":"2022-12-23T12:06:30","slug":"nadal-a-lescola-2","status":"publish","type":"post","link":"https:\/\/agora.xtec.cat\/ceipparealgue\/general\/nadal-a-lescola-2\/","title":{"rendered":"NADAL A L&#8217;ESCOLA"},"content":{"rendered":"<p>Aquest any l&#8217;escola s&#8217;ha vestit amb els seves millors garlandes per celebrar el Nadal. Des de principis de desembre els i les alumnes de l&#8217;escola han elaborat uns detalls per guarnir un gran arbre de Nadal que ens acompanyava cada dia al passad\u00eds.<\/p>\n<p>El gimn\u00e0s es va omplir de caliu quan les nostres fam\u00edlies van assistir al Concert de Nadal. Podeu clicar <a href=\"https:\/\/photos.app.goo.gl\/iBvtxGBZCnET87496\"><strong>aqu\u00ed<\/strong><\/a>, per veure el v\u00eddeo.<\/p>\n<p>Ens ha visitat el patge reial i li hem pogut explicar els nostres millors desitjos. Tamb\u00e9 li hem cantat nadales i recitat poemes.<\/p>\n<p>L&#8217;\u00faltim dia d&#8217;escola va ser ple d&#8217;emocions! Vam carregar d&#8217;energia els nostres pals i vam fer cagar el ti\u00f3. Tamb\u00e9 vam fer l&#8217;amic invisible, acompanyat d&#8217;un bon pica pica.<\/p>\n<p>I, per \u00faltim, ens va visitar el Pare Nadal. Estava molt content de poder-nos veure de nou. Ens va explicar que portava uns dies treballant molt de valent i que ens havia portat uns detalls per cada classe. Els nens i nenes el van farcir de petons i abra\u00e7ades. El seu comiat va ser dol\u00e7, ja que ens va regalar llaminadures.<\/p>\n<p>Han sigut uns dies molt bonics i volem donar les gr\u00e0cies a tothom que ens ha acompanyat i ha fet que aquests dies siguin plens de m\u00e0gia!<\/p>\n<p>Trobareu un recull d&#8217;imatges clicant sobre la seg\u00fcent fotografia:<\/p>\n<p><a href=\"https:\/\/photos.app.goo.gl\/REDxeuGJGGsFqDCd6\"><img loading=\"lazy\" decoding=\"async\" class=\"alignnone size-large wp-image-4547\" src=\"https:\/\/agora.xtec.cat\/ceipparealgue\/wp-content\/uploads\/usu157\/2022\/12\/Bones-festes-i-felic-any-nou-1024x687.png\" alt=\"\" width=\"1024\" height=\"687\" srcset=\"https:\/\/agora.xtec.cat\/ceipparealgue\/wp-content\/uploads\/usu157\/2022\/12\/Bones-festes-i-felic-any-nou-1024x687.png 1024w, https:\/\/agora.xtec.cat\/ceipparealgue\/wp-content\/uploads\/usu157\/2022\/12\/Bones-festes-i-felic-any-nou-300x201.png 300w, https:\/\/agora.xtec.cat\/ceipparealgue\/wp-content\/uploads\/usu157\/2022\/12\/Bones-festes-i-felic-any-nou-768x515.png 768w, https:\/\/agora.xtec.cat\/ceipparealgue\/wp-content\/uploads\/usu157\/2022\/12\/Bones-festes-i-felic-any-nou-1536x1031.png 1536w, https:\/\/agora.xtec.cat\/ceipparealgue\/wp-content\/uploads\/usu157\/2022\/12\/Bones-festes-i-felic-any-nou.png 1724w\" sizes=\"auto, (max-width: 1024px) 100vw, 1024px\" \/><\/a><\/p>\n<p>&nbsp;<\/p>\n<p>&nbsp;<\/p>\n<p>&nbsp;<\/p>\n","protected":false},"excerpt":{"rendered":"<p>Aquest any l&#8217;escola s&#8217;ha vestit amb els seves millors garlandes per celebrar el Nadal. Des de principis de desembre els i les alumnes de l&#8217;escola han elaborat uns detalls per guarnir un gran arbre de Nadal que ens acompanyava cada dia al passad\u00eds.<br \/>\nEl gimn\u00e0s es&hellip;  <a href=\"https:\/\/agora.xtec.cat\/ceipparealgue\/general\/nadal-a-lescola-2\/\" title=\"Read NADAL A L&#8217;ESCOLA\">Llegeix m\u00e9s\u00bb<\/a><\/p>\n","protected":false},"author":1,"featured_media":0,"comment_status":"closed","ping_status":"closed","sticky":false,"template":"","format":"standard","meta":{"_bbp_topic_count":0,"_bbp_reply_count":0,"_bbp_total_topic_count":0,"_bbp_total_reply_count":0,"_bbp_voice_count":0,"_bbp_anonymous_reply_count":0,"_bbp_topic_count_hidden":0,"_bbp_reply_count_hidden":0,"_bbp_forum_subforum_count":0,"footnotes":""},"categories":[7,1,2,4,5],"tags":[],"class_list":["post-4546","post","type-post","status-publish","format-standard","hentry","category-ampa","category-general","category-infantil","category-portada","category-primaria"],"post_mailing_queue_ids":[],"_links":{"self":[{"href":"https:\/\/agora.xtec.cat\/ceipparealgue\/wp-json\/wp\/v2\/posts\/4546","targetHints":{"allow":["GET"]}}],"collection":[{"href":"https:\/\/agora.xtec.cat\/ceipparealgue\/wp-json\/wp\/v2\/posts"}],"about":[{"href":"https:\/\/agora.xtec.cat\/ceipparealgue\/wp-json\/wp\/v2\/types\/post"}],"author":[{"embeddable":true,"href":"https:\/\/agora.xtec.cat\/ceipparealgue\/wp-json\/wp\/v2\/users\/1"}],"replies":[{"embeddable":true,"href":"https:\/\/agora.xtec.cat\/ceipparealgue\/wp-json\/wp\/v2\/comments?post=4546"}],"version-history":[{"count":1,"href":"https:\/\/agora.xtec.cat\/ceipparealgue\/wp-json\/wp\/v2\/posts\/4546\/revisions"}],"predecessor-version":[{"id":4548,"href":"https:\/\/agora.xtec.cat\/ceipparealgue\/wp-json\/wp\/v2\/posts\/4546\/revisions\/4548"}],"wp:attachment":[{"href":"https:\/\/agora.xtec.cat\/ceipparealgue\/wp-json\/wp\/v2\/media?parent=4546"}],"wp:term":[{"taxonomy":"category","embeddable":true,"href":"https:\/\/agora.xtec.cat\/ceipparealgue\/wp-json\/wp\/v2\/categories?post=4546"},{"taxonomy":"post_tag","embeddable":true,"href":"https:\/\/agora.xtec.cat\/ceipparealgue\/wp-json\/wp\/v2\/tags?post=4546"}],"curies":[{"name":"wp","href":"https:\/\/api.w.org\/{rel}","templated":true}]}}