{"id":4542,"date":"2022-12-22T15:12:25","date_gmt":"2022-12-22T14:12:25","guid":{"rendered":"https:\/\/agora.xtec.cat\/ceipparealgue\/?p=4542"},"modified":"2022-12-22T15:12:25","modified_gmt":"2022-12-22T14:12:25","slug":"ei5-desembre","status":"publish","type":"post","link":"https:\/\/agora.xtec.cat\/ceipparealgue\/infantil\/ei5-desembre\/","title":{"rendered":"EI5 &#8211; Desembre"},"content":{"rendered":"<p>Hola Fam\u00edlies!<\/p>\n<p>Com cada mes, aqu\u00ed teniu la publicaci\u00f3 de <strong>DESEMBRE<\/strong>!<\/p>\n<p>Ha estat un mes ple d\u2019emocions.<\/p>\n<p>Hem celebrat els aniversaris del Hassan, l\u2019Hajar i la Yasmin.<\/p>\n<p>Hem iniciat la creaci\u00f3 de la maqueta del sistema solar i hem elaborat el mapa conceptual del projecte del SOL. Tot el grup est\u00e0 molt engrescat i participatiu!.<\/p>\n<p>Hem fet les recerques del Mohamed Reda (el tigre), el Mikaal (l\u2019elefant) i la Mankirat (el lle\u00f3), ben acompanyats com sempre de les seves fam\u00edlies!!! MOLT\u00cdSSIMES GR\u00c0CIES PER VENIR I ACOMPANYAR ALS VOSTRES INFANTS!<\/p>\n<p>Tamb\u00e9 trobareu alguns moments m\u00e0gics com quan vam sortir al pati a buscar el ti\u00f3, com hem anat descobrint cada dia els missatges i les sorpreses del calendari d\u2019advent, l\u2019elaboraci\u00f3 de la manualitat i com vam decorar l\u2019arbre de nadal de l\u2019escola i com vam trobar-nos amb la classe de les estrelles (I3) i la classe de les llunes (I4) per regalar-nos les postals.<\/p>\n<p>Hem tingut dues visites sorprenents, la dels patges reials a qui vam entregar la carta dels reis de la classe i la del pare Nadal, que ens va portar un conte preci\u00f3s!<\/p>\n<p>I per \u00faltim, vam fer cagar el ti\u00f3!!<\/p>\n<p>Tanquem un trimestre ben carregat d\u2019aprenentatges, de gaudi i d\u2019experi\u00e8ncies enriquidores que ens han omplert de felicitat!<\/p>\n<p>Gaudiu molt veient aquest <a href=\"https:\/\/drive.google.com\/drive\/folders\/1GUcs--9__7oR4YeUxQH68Qr5pLp4sFv2?usp=share_link\">\u00c0LBUM<\/a> juntament amb els vostres fills i filles i passeu-vos-ho igual de b\u00e9 que ells\/es!!<\/p>\n<p>Us desitgem unes BONES FESTES!<\/p>\n<p>I5- LA CLASSE DEL SOL<\/p>\n","protected":false},"excerpt":{"rendered":"<p>Hola Fam\u00edlies!<br \/>\nCom cada mes, aqu\u00ed teniu la publicaci\u00f3 de DESEMBRE!<br \/>\nHa estat un mes ple d\u2019emocions.<br \/>\nHem celebrat els aniversaris del Hassan, l\u2019Hajar i la Yasmin.<br \/>\nHem iniciat la creaci\u00f3 de la maqueta del sistema solar i hem elaborat el mapa conceptual del projecte del SOL. Tot el&hellip;  <a href=\"https:\/\/agora.xtec.cat\/ceipparealgue\/infantil\/ei5-desembre\/\" title=\"Read EI5 &#8211; Desembre\">Llegeix m\u00e9s\u00bb<\/a><\/p>\n","protected":false},"author":49,"featured_media":0,"comment_status":"closed","ping_status":"closed","sticky":false,"template":"","format":"standard","meta":{"_bbp_topic_count":0,"_bbp_reply_count":0,"_bbp_total_topic_count":0,"_bbp_total_reply_count":0,"_bbp_voice_count":0,"_bbp_anonymous_reply_count":0,"_bbp_topic_count_hidden":0,"_bbp_reply_count_hidden":0,"_bbp_forum_subforum_count":0,"footnotes":""},"categories":[2,4,66],"tags":[],"class_list":["post-4542","post","type-post","status-publish","format-standard","hentry","category-infantil","category-portada","category-66"],"post_mailing_queue_ids":[],"_links":{"self":[{"href":"https:\/\/agora.xtec.cat\/ceipparealgue\/wp-json\/wp\/v2\/posts\/4542","targetHints":{"allow":["GET"]}}],"collection":[{"href":"https:\/\/agora.xtec.cat\/ceipparealgue\/wp-json\/wp\/v2\/posts"}],"about":[{"href":"https:\/\/agora.xtec.cat\/ceipparealgue\/wp-json\/wp\/v2\/types\/post"}],"author":[{"embeddable":true,"href":"https:\/\/agora.xtec.cat\/ceipparealgue\/wp-json\/wp\/v2\/users\/49"}],"replies":[{"embeddable":true,"href":"https:\/\/agora.xtec.cat\/ceipparealgue\/wp-json\/wp\/v2\/comments?post=4542"}],"version-history":[{"count":1,"href":"https:\/\/agora.xtec.cat\/ceipparealgue\/wp-json\/wp\/v2\/posts\/4542\/revisions"}],"predecessor-version":[{"id":4543,"href":"https:\/\/agora.xtec.cat\/ceipparealgue\/wp-json\/wp\/v2\/posts\/4542\/revisions\/4543"}],"wp:attachment":[{"href":"https:\/\/agora.xtec.cat\/ceipparealgue\/wp-json\/wp\/v2\/media?parent=4542"}],"wp:term":[{"taxonomy":"category","embeddable":true,"href":"https:\/\/agora.xtec.cat\/ceipparealgue\/wp-json\/wp\/v2\/categories?post=4542"},{"taxonomy":"post_tag","embeddable":true,"href":"https:\/\/agora.xtec.cat\/ceipparealgue\/wp-json\/wp\/v2\/tags?post=4542"}],"curies":[{"name":"wp","href":"https:\/\/api.w.org\/{rel}","templated":true}]}}