{"id":4494,"date":"2022-11-29T08:47:54","date_gmt":"2022-11-29T07:47:54","guid":{"rendered":"https:\/\/agora.xtec.cat\/ceipparealgue\/?p=4494"},"modified":"2022-11-29T08:47:54","modified_gmt":"2022-11-29T07:47:54","slug":"cursa-cros-escolar-manresa-2022","status":"publish","type":"post","link":"https:\/\/agora.xtec.cat\/ceipparealgue\/general\/cursa-cros-escolar-manresa-2022\/","title":{"rendered":"Cursa Cros Escolar Manresa 2022"},"content":{"rendered":"<p>El passat diumenge 27 de novembre es va celebrar el 17\u00e8 Cros Escolar de Manresa a les instal\u00b7lacions del Congost. Va ser un \u00e8xit rotund, on molts alumnes de l&#8217;escola hi van participar. Els i les alumnes van poder gaudir d&#8217;una bona jornada esportiva.<\/p>\n<p>A continuaci\u00f3, clicant a la seg\u00fcent imatge, tindreu acc\u00e9s al recull de fotos.<\/p>\n<p><a href=\"https:\/\/photos.app.goo.gl\/RPNh5WcL7fMjvysr8\"><img loading=\"lazy\" decoding=\"async\" class=\"alignnone  wp-image-4495\" src=\"https:\/\/agora.xtec.cat\/ceipparealgue\/wp-content\/uploads\/usu157\/2022\/11\/IMG_6333-rotated.jpg\" alt=\"\" width=\"446\" height=\"595\" srcset=\"https:\/\/agora.xtec.cat\/ceipparealgue\/wp-content\/uploads\/usu157\/2022\/11\/IMG_6333-rotated.jpg 627w, https:\/\/agora.xtec.cat\/ceipparealgue\/wp-content\/uploads\/usu157\/2022\/11\/IMG_6333-225x300.jpg 225w\" sizes=\"auto, (max-width: 446px) 100vw, 446px\" \/><\/a><\/p>\n","protected":false},"excerpt":{"rendered":"<p>El passat diumenge 27 de novembre es va celebrar el 17\u00e8 Cros Escolar de Manresa a les instal\u00b7lacions del Congost. Va ser un \u00e8xit rotund, on molts alumnes de l&#8217;escola hi van participar. Els i les alumnes van poder gaudir d&#8217;una bona jornada esportiva.<br \/>\nA continuaci\u00f3,&hellip;  <a href=\"https:\/\/agora.xtec.cat\/ceipparealgue\/general\/cursa-cros-escolar-manresa-2022\/\" title=\"Read Cursa Cros Escolar Manresa 2022\">Llegeix m\u00e9s\u00bb<\/a><\/p>\n","protected":false},"author":54,"featured_media":0,"comment_status":"open","ping_status":"closed","sticky":false,"template":"","format":"standard","meta":{"_bbp_topic_count":0,"_bbp_reply_count":0,"_bbp_total_topic_count":0,"_bbp_total_reply_count":0,"_bbp_voice_count":0,"_bbp_anonymous_reply_count":0,"_bbp_topic_count_hidden":0,"_bbp_reply_count_hidden":0,"_bbp_forum_subforum_count":0,"footnotes":""},"categories":[1,2,4,5],"tags":[],"class_list":["post-4494","post","type-post","status-publish","format-standard","hentry","category-general","category-infantil","category-portada","category-primaria"],"post_mailing_queue_ids":[],"_links":{"self":[{"href":"https:\/\/agora.xtec.cat\/ceipparealgue\/wp-json\/wp\/v2\/posts\/4494","targetHints":{"allow":["GET"]}}],"collection":[{"href":"https:\/\/agora.xtec.cat\/ceipparealgue\/wp-json\/wp\/v2\/posts"}],"about":[{"href":"https:\/\/agora.xtec.cat\/ceipparealgue\/wp-json\/wp\/v2\/types\/post"}],"author":[{"embeddable":true,"href":"https:\/\/agora.xtec.cat\/ceipparealgue\/wp-json\/wp\/v2\/users\/54"}],"replies":[{"embeddable":true,"href":"https:\/\/agora.xtec.cat\/ceipparealgue\/wp-json\/wp\/v2\/comments?post=4494"}],"version-history":[{"count":1,"href":"https:\/\/agora.xtec.cat\/ceipparealgue\/wp-json\/wp\/v2\/posts\/4494\/revisions"}],"predecessor-version":[{"id":4496,"href":"https:\/\/agora.xtec.cat\/ceipparealgue\/wp-json\/wp\/v2\/posts\/4494\/revisions\/4496"}],"wp:attachment":[{"href":"https:\/\/agora.xtec.cat\/ceipparealgue\/wp-json\/wp\/v2\/media?parent=4494"}],"wp:term":[{"taxonomy":"category","embeddable":true,"href":"https:\/\/agora.xtec.cat\/ceipparealgue\/wp-json\/wp\/v2\/categories?post=4494"},{"taxonomy":"post_tag","embeddable":true,"href":"https:\/\/agora.xtec.cat\/ceipparealgue\/wp-json\/wp\/v2\/tags?post=4494"}],"curies":[{"name":"wp","href":"https:\/\/api.w.org\/{rel}","templated":true}]}}