{"id":4485,"date":"2022-11-26T08:44:17","date_gmt":"2022-11-26T07:44:17","guid":{"rendered":"https:\/\/agora.xtec.cat\/ceipparealgue\/?p=4485"},"modified":"2022-11-26T08:59:30","modified_gmt":"2022-11-26T07:59:30","slug":"ei4-seguim-amb-la-tardor","status":"publish","type":"post","link":"https:\/\/agora.xtec.cat\/ceipparealgue\/infantil\/ei4-seguim-amb-la-tardor\/","title":{"rendered":"EI4: Seguim amb la tardor&#8230;"},"content":{"rendered":"<p>Bon dia fam\u00edlies!<\/p>\n<p><a href=\"https:\/\/agora.xtec.cat\/ceipparealgue\/wp-content\/uploads\/usu157\/2022\/11\/1667492331733.jpg\"><img loading=\"lazy\" decoding=\"async\" class=\"alignnone size-large wp-image-4486\" src=\"https:\/\/agora.xtec.cat\/ceipparealgue\/wp-content\/uploads\/usu157\/2022\/11\/1667492331733-1024x1024.jpg\" alt=\"\" width=\"1024\" height=\"1024\" srcset=\"https:\/\/agora.xtec.cat\/ceipparealgue\/wp-content\/uploads\/usu157\/2022\/11\/1667492331733-1024x1024.jpg 1024w, https:\/\/agora.xtec.cat\/ceipparealgue\/wp-content\/uploads\/usu157\/2022\/11\/1667492331733-300x300.jpg 300w, https:\/\/agora.xtec.cat\/ceipparealgue\/wp-content\/uploads\/usu157\/2022\/11\/1667492331733-150x150.jpg 150w, https:\/\/agora.xtec.cat\/ceipparealgue\/wp-content\/uploads\/usu157\/2022\/11\/1667492331733-768x768.jpg 768w, https:\/\/agora.xtec.cat\/ceipparealgue\/wp-content\/uploads\/usu157\/2022\/11\/1667492331733-1536x1536.jpg 1536w, https:\/\/agora.xtec.cat\/ceipparealgue\/wp-content\/uploads\/usu157\/2022\/11\/1667492331733.jpg 1599w\" sizes=\"auto, (max-width: 1024px) 100vw, 1024px\" \/><\/a><\/p>\n<p>Aquests dies hem seguit treballant la <strong>TARDOR<\/strong> amb diverses activitats:<\/p>\n<ul style=\"list-style-type: disc\">\n<li>Vam tastar algunes fruites de la tardor (mandarina, magrana i ra\u00efm). Al principi, alguns infants van dir que no volien tastar la magrana, per\u00f2 quan ho van fer, els va encantar i, fins i tot, van repetir!<\/li>\n<li>D&#8217;altra banda, vam estampar fruits de tardor sobre paper amb colors de tardor. Alguns fruits queden molt bonics!<\/li>\n<li>Tamb\u00e9 vam visionar un v\u00eddeo d&#8217;ARTiSHOCK que ens explicava diferents coses sobre la TARDOR. Aqu\u00ed teniu l&#8217;enlla\u00e7, per si voleu veure&#8217;l a casa!<\/li>\n<\/ul>\n<p><a href=\"https:\/\/youtu.be\/VMq0F2Y4jPY\">https:\/\/youtu.be\/VMq0F2Y4jPY<\/a><\/p>\n<ul style=\"list-style-type: disc\">\n<li>I finalment, pel dia de la <strong>CASTANYADA<\/strong> vam elaborar unes corones precioses i ens les vam endur a casa posades. <strong>Estavem GUAP\u00cdSSIMES I GUAP\u00cdSSIMS!\u00a0<\/strong><\/li>\n<\/ul>\n<p>Clicant sobre el seg\u00fcent enlla\u00e7 podreu veure algunes imatges:<\/p>\n<p><a href=\"https:\/\/photos.app.goo.gl\/NknQuE3moPbmCM7KA\">https:\/\/photos.app.goo.gl\/NknQuE3moPbmCM7KA<\/a><\/p>\n<p>A reveure!<\/p>\n","protected":false},"excerpt":{"rendered":"<p>Bon dia fam\u00edlies!<\/p>\n<p>Aquests dies hem seguit treballant la TARDOR amb diverses activitats:&hellip;  <a href=\"https:\/\/agora.xtec.cat\/ceipparealgue\/infantil\/ei4-seguim-amb-la-tardor\/\" title=\"Read EI4: Seguim amb la tardor&#8230;\">Llegeix m\u00e9s\u00bb<\/a><\/p>\n","protected":false},"author":49,"featured_media":4486,"comment_status":"closed","ping_status":"closed","sticky":false,"template":"","format":"standard","meta":{"_bbp_topic_count":0,"_bbp_reply_count":0,"_bbp_total_topic_count":0,"_bbp_total_reply_count":0,"_bbp_voice_count":0,"_bbp_anonymous_reply_count":0,"_bbp_topic_count_hidden":0,"_bbp_reply_count_hidden":0,"_bbp_forum_subforum_count":0,"footnotes":""},"categories":[2,4,68],"tags":[],"class_list":["post-4485","post","type-post","status-publish","format-standard","has-post-thumbnail","hentry","category-infantil","category-portada","category-68"],"post_mailing_queue_ids":[],"_links":{"self":[{"href":"https:\/\/agora.xtec.cat\/ceipparealgue\/wp-json\/wp\/v2\/posts\/4485","targetHints":{"allow":["GET"]}}],"collection":[{"href":"https:\/\/agora.xtec.cat\/ceipparealgue\/wp-json\/wp\/v2\/posts"}],"about":[{"href":"https:\/\/agora.xtec.cat\/ceipparealgue\/wp-json\/wp\/v2\/types\/post"}],"author":[{"embeddable":true,"href":"https:\/\/agora.xtec.cat\/ceipparealgue\/wp-json\/wp\/v2\/users\/49"}],"replies":[{"embeddable":true,"href":"https:\/\/agora.xtec.cat\/ceipparealgue\/wp-json\/wp\/v2\/comments?post=4485"}],"version-history":[{"count":3,"href":"https:\/\/agora.xtec.cat\/ceipparealgue\/wp-json\/wp\/v2\/posts\/4485\/revisions"}],"predecessor-version":[{"id":4492,"href":"https:\/\/agora.xtec.cat\/ceipparealgue\/wp-json\/wp\/v2\/posts\/4485\/revisions\/4492"}],"wp:featuredmedia":[{"embeddable":true,"href":"https:\/\/agora.xtec.cat\/ceipparealgue\/wp-json\/wp\/v2\/media\/4486"}],"wp:attachment":[{"href":"https:\/\/agora.xtec.cat\/ceipparealgue\/wp-json\/wp\/v2\/media?parent=4485"}],"wp:term":[{"taxonomy":"category","embeddable":true,"href":"https:\/\/agora.xtec.cat\/ceipparealgue\/wp-json\/wp\/v2\/categories?post=4485"},{"taxonomy":"post_tag","embeddable":true,"href":"https:\/\/agora.xtec.cat\/ceipparealgue\/wp-json\/wp\/v2\/tags?post=4485"}],"curies":[{"name":"wp","href":"https:\/\/api.w.org\/{rel}","templated":true}]}}