{"id":4476,"date":"2022-11-20T22:21:09","date_gmt":"2022-11-20T21:21:09","guid":{"rendered":"https:\/\/agora.xtec.cat\/ceipparealgue\/?p=4476"},"modified":"2022-11-20T22:21:09","modified_gmt":"2022-11-20T21:21:09","slug":"i5-les-vivencies-a-la-classe-del-sol","status":"publish","type":"post","link":"https:\/\/agora.xtec.cat\/ceipparealgue\/infantil\/i5-les-vivencies-a-la-classe-del-sol\/","title":{"rendered":"I5- Les viv\u00e8ncies a la classe del SOL"},"content":{"rendered":"<p>Hola fam\u00edlies,<\/p>\n<p>Els nens i les nenes de la classe del SOL us convidem a entrar dins la nostra aula i que ens acompanyeu a les dues sortides que hem realitzat aquest darrer mes.<\/p>\n<p>Vam anar a visitar al castanyer i vam gaudir de l&#8217;explicaci\u00f3 i la demostraci\u00f3 de com es couen les castanyes i els moniatos al foc. Tamb\u00e9 ens va ensenyar a fer paperines i vam cantar i recitar les dites de la tardor.<\/p>\n<p>A les estones d&#8217;art, hem fet paisatges de tardor, titelles de castanyeres i composicions amb elements naturals, tamb\u00e9 ens hem dibuixat i ens han quedat uns autoretrats ben art\u00edstics!<\/p>\n<p>Vam anar al Mercat de les Flors, ja que hem comen\u00e7at el projecte de les plantes i, a m\u00e9s a m\u00e9s de plantar llavors, tamb\u00e9 hem plantat flors de colors a les jardineres. Ens agrada molt\u00edssim fer de jardiners i jardineres i cuidar les plantes perqu\u00e8 creixin molt.<\/p>\n<p>Hem celebrat els aniversaris del Samy i del Mohamed Makthari i hem cantat, ballat i bufat l&#8217;espelma amb tots els companys i companyes.<\/p>\n<p>Les recerques estan sent tot\u00a0 un \u00e8xit, agra\u00efm molt a les fam\u00edlies que ens acompanyen!! Aquestes setmanes hem fet les seg\u00fcents recerques: Saad (peix), Youssef Jmili (ratol\u00ed), Amira (gallina), Mohamed Makthari (gall) i Hidaya (gat). MOLT\u00cdSSIMES GR\u00c0CIES!!! Gaudim molt de la vostra companyia!!<\/p>\n<p>Per acabar, us deixem alguns moments d&#8217;aula on aprenem i gaudim conjuntament!<\/p>\n<p><a href=\"https:\/\/drive.google.com\/drive\/folders\/1-3AUqaVb0VI6saz3gdu9_51GQT6KjTZ6?usp=share_link\">\u00c0LBUM<\/a> D&#8217;IMATGES!<\/p>\n<p>Una abra\u00e7ada,<\/p>\n<p>LA CLASSE DEL SOL!!!<\/p>\n","protected":false},"excerpt":{"rendered":"<p>Hola fam\u00edlies,<br \/>\nEls nens i les nenes de la classe del SOL us convidem a entrar dins la nostra aula i que ens acompanyeu a les dues sortides que hem realitzat aquest darrer mes.<br \/>\nVam anar a visitar al castanyer i vam gaudir de l&#8217;explicaci\u00f3 i la&hellip;  <a href=\"https:\/\/agora.xtec.cat\/ceipparealgue\/infantil\/i5-les-vivencies-a-la-classe-del-sol\/\" title=\"Read I5- Les viv\u00e8ncies a la classe del SOL\">Llegeix m\u00e9s\u00bb<\/a><\/p>\n","protected":false},"author":49,"featured_media":0,"comment_status":"closed","ping_status":"closed","sticky":false,"template":"","format":"standard","meta":{"_bbp_topic_count":0,"_bbp_reply_count":0,"_bbp_total_topic_count":0,"_bbp_total_reply_count":0,"_bbp_voice_count":0,"_bbp_anonymous_reply_count":0,"_bbp_topic_count_hidden":0,"_bbp_reply_count_hidden":0,"_bbp_forum_subforum_count":0,"footnotes":""},"categories":[2,4,66],"tags":[],"class_list":["post-4476","post","type-post","status-publish","format-standard","hentry","category-infantil","category-portada","category-66"],"post_mailing_queue_ids":[],"_links":{"self":[{"href":"https:\/\/agora.xtec.cat\/ceipparealgue\/wp-json\/wp\/v2\/posts\/4476","targetHints":{"allow":["GET"]}}],"collection":[{"href":"https:\/\/agora.xtec.cat\/ceipparealgue\/wp-json\/wp\/v2\/posts"}],"about":[{"href":"https:\/\/agora.xtec.cat\/ceipparealgue\/wp-json\/wp\/v2\/types\/post"}],"author":[{"embeddable":true,"href":"https:\/\/agora.xtec.cat\/ceipparealgue\/wp-json\/wp\/v2\/users\/49"}],"replies":[{"embeddable":true,"href":"https:\/\/agora.xtec.cat\/ceipparealgue\/wp-json\/wp\/v2\/comments?post=4476"}],"version-history":[{"count":1,"href":"https:\/\/agora.xtec.cat\/ceipparealgue\/wp-json\/wp\/v2\/posts\/4476\/revisions"}],"predecessor-version":[{"id":4477,"href":"https:\/\/agora.xtec.cat\/ceipparealgue\/wp-json\/wp\/v2\/posts\/4476\/revisions\/4477"}],"wp:attachment":[{"href":"https:\/\/agora.xtec.cat\/ceipparealgue\/wp-json\/wp\/v2\/media?parent=4476"}],"wp:term":[{"taxonomy":"category","embeddable":true,"href":"https:\/\/agora.xtec.cat\/ceipparealgue\/wp-json\/wp\/v2\/categories?post=4476"},{"taxonomy":"post_tag","embeddable":true,"href":"https:\/\/agora.xtec.cat\/ceipparealgue\/wp-json\/wp\/v2\/tags?post=4476"}],"curies":[{"name":"wp","href":"https:\/\/api.w.org\/{rel}","templated":true}]}}