{"id":4470,"date":"2022-11-20T19:56:52","date_gmt":"2022-11-20T18:56:52","guid":{"rendered":"https:\/\/agora.xtec.cat\/ceipparealgue\/?p=4470"},"modified":"2022-11-23T10:59:25","modified_gmt":"2022-11-23T09:59:25","slug":"treballem-el-trac","status":"publish","type":"post","link":"https:\/\/agora.xtec.cat\/ceipparealgue\/infantil\/treballem-el-trac\/","title":{"rendered":"Treballem el tra\u00e7."},"content":{"rendered":"<p>A EI3 ens iniciem en el tra\u00e7 a trav\u00e9s del grafisme creatiu i les t\u00e8cniques manipulatives.<\/p>\n<p>Dia a dia, anem adquirint noves habilitats motrius i, mica en mica, s\u00f3m capa\u00e7os d&#8217;expressar-nos a trav\u00e9s del tra\u00e7.<\/p>\n<h5><a href=\"https:\/\/agora.xtec.cat\/ceipparealgue\/wp-content\/uploads\/usu157\/2022\/11\/TraC-EI\u00b73.pdf\">\u00a0 \u00a0 \u00a0 \u00a0 \u00a0 \u00a0 \u00a0 \u00a0 \u00a0 \u00a0 \u00a0 \u00a0 \u00a0 \u00a0 \u00a0 \u00a0 \u00a0 \u00a0 \u00a0 \u00a0 \u00a0 \u00a0 \u00a0 \u00a0 \u00a0 \u00a0 \u00a0 \u00a0 \u00a0 \u00a0<strong> \u00a0Tra\u00c7 EI\u00b73<\/strong><\/a><\/h5>\n","protected":false},"excerpt":{"rendered":"<p>A EI3 ens iniciem en el tra\u00e7 a trav\u00e9s del grafisme creatiu i les t\u00e8cniques manipulatives.<br \/>\nDia a dia, anem adquirint noves habilitats motrius i, mica en mica, s\u00f3m capa\u00e7os d&#8217;expressar-nos a trav\u00e9s del tra\u00e7.<br \/>\n<a href=\"https:\/\/agora.xtec.cat\/ceipparealgue\/wp-content\/uploads\/usu157\/2022\/11\/TraC-EI\u00b73.pdf\">\u00a0 \u00a0 \u00a0 \u00a0 \u00a0 \u00a0 \u00a0 \u00a0 \u00a0 \u00a0 \u00a0&hellip;  <a href=\"https:\/\/agora.xtec.cat\/ceipparealgue\/infantil\/treballem-el-trac\/\" title=\"Read Treballem el tra\u00e7.\">Llegeix m\u00e9s\u00bb<\/a><\/p>\n","protected":false},"author":49,"featured_media":0,"comment_status":"closed","ping_status":"closed","sticky":false,"template":"","format":"standard","meta":{"_bbp_topic_count":0,"_bbp_reply_count":0,"_bbp_total_topic_count":0,"_bbp_total_reply_count":0,"_bbp_voice_count":0,"_bbp_anonymous_reply_count":0,"_bbp_topic_count_hidden":0,"_bbp_reply_count_hidden":0,"_bbp_forum_subforum_count":0,"footnotes":""},"categories":[2,4,73],"tags":[75],"class_list":["post-4470","post","type-post","status-publish","format-standard","hentry","category-infantil","category-portada","category-promocio-2019","tag-grafisme"],"post_mailing_queue_ids":[],"_links":{"self":[{"href":"https:\/\/agora.xtec.cat\/ceipparealgue\/wp-json\/wp\/v2\/posts\/4470","targetHints":{"allow":["GET"]}}],"collection":[{"href":"https:\/\/agora.xtec.cat\/ceipparealgue\/wp-json\/wp\/v2\/posts"}],"about":[{"href":"https:\/\/agora.xtec.cat\/ceipparealgue\/wp-json\/wp\/v2\/types\/post"}],"author":[{"embeddable":true,"href":"https:\/\/agora.xtec.cat\/ceipparealgue\/wp-json\/wp\/v2\/users\/49"}],"replies":[{"embeddable":true,"href":"https:\/\/agora.xtec.cat\/ceipparealgue\/wp-json\/wp\/v2\/comments?post=4470"}],"version-history":[{"count":3,"href":"https:\/\/agora.xtec.cat\/ceipparealgue\/wp-json\/wp\/v2\/posts\/4470\/revisions"}],"predecessor-version":[{"id":4474,"href":"https:\/\/agora.xtec.cat\/ceipparealgue\/wp-json\/wp\/v2\/posts\/4470\/revisions\/4474"}],"wp:attachment":[{"href":"https:\/\/agora.xtec.cat\/ceipparealgue\/wp-json\/wp\/v2\/media?parent=4470"}],"wp:term":[{"taxonomy":"category","embeddable":true,"href":"https:\/\/agora.xtec.cat\/ceipparealgue\/wp-json\/wp\/v2\/categories?post=4470"},{"taxonomy":"post_tag","embeddable":true,"href":"https:\/\/agora.xtec.cat\/ceipparealgue\/wp-json\/wp\/v2\/tags?post=4470"}],"curies":[{"name":"wp","href":"https:\/\/api.w.org\/{rel}","templated":true}]}}