{"id":4465,"date":"2022-11-17T12:44:25","date_gmt":"2022-11-17T11:44:25","guid":{"rendered":"https:\/\/agora.xtec.cat\/ceipparealgue\/?p=4465"},"modified":"2022-11-17T12:44:25","modified_gmt":"2022-11-17T11:44:25","slug":"xerrada-sobre-la-setmana-europea-de-la-prevencio-de-residus","status":"publish","type":"post","link":"https:\/\/agora.xtec.cat\/ceipparealgue\/general\/xerrada-sobre-la-setmana-europea-de-la-prevencio-de-residus\/","title":{"rendered":"Xerrada sobre la Setmana Europea de la Prevenci\u00f3 de Residus"},"content":{"rendered":"<p>Dimarts a la tarda van venir a l&#8217;escola dues noies molt simp\u00e0tiques per fer una xerrada sobre els residus, amb l&#8217;alumnat de cicle superior, ja que aquesta setmana \u00e9s la Setmana Europea de la Prevenci\u00f3 de Residus. Va ser molt divertit perqu\u00e8 vam fer un concurs de preguntes i, fins i tot, vam ballar una estona! A m\u00e9s, vam repassar aspectes treballats a l&#8217;escola sobre la prevenci\u00f3 i la gesti\u00f3 de residus. Hem de cuidar el nostre planeta m\u00e9s que mai!<\/p>\n<p><a href=\"https:\/\/photos.app.goo.gl\/t7mgR1CJZSjLWs4T6\">Xerrada Setmana Europea de la Prevenci\u00f3 de Residus<\/a><\/p>\n","protected":false},"excerpt":{"rendered":"<p>Dimarts a la tarda van venir a l&#8217;escola dues noies molt simp\u00e0tiques per fer una xerrada sobre els residus, amb l&#8217;alumnat de cicle superior, ja que aquesta setmana \u00e9s la Setmana Europea de la Prevenci\u00f3 de Residus. Va ser molt divertit perqu\u00e8 vam fer un&hellip;  <a href=\"https:\/\/agora.xtec.cat\/ceipparealgue\/general\/xerrada-sobre-la-setmana-europea-de-la-prevencio-de-residus\/\" title=\"Read Xerrada sobre la Setmana Europea de la Prevenci\u00f3 de Residus\">Llegeix m\u00e9s\u00bb<\/a><\/p>\n","protected":false},"author":52,"featured_media":0,"comment_status":"open","ping_status":"closed","sticky":false,"template":"","format":"standard","meta":{"_bbp_topic_count":0,"_bbp_reply_count":0,"_bbp_total_topic_count":0,"_bbp_total_reply_count":0,"_bbp_voice_count":0,"_bbp_anonymous_reply_count":0,"_bbp_topic_count_hidden":0,"_bbp_reply_count_hidden":0,"_bbp_forum_subforum_count":0,"footnotes":""},"categories":[1,4,5,12,11],"tags":[],"class_list":["post-4465","post","type-post","status-publish","format-standard","hentry","category-general","category-portada","category-primaria","category-12","category-11"],"post_mailing_queue_ids":[],"_links":{"self":[{"href":"https:\/\/agora.xtec.cat\/ceipparealgue\/wp-json\/wp\/v2\/posts\/4465","targetHints":{"allow":["GET"]}}],"collection":[{"href":"https:\/\/agora.xtec.cat\/ceipparealgue\/wp-json\/wp\/v2\/posts"}],"about":[{"href":"https:\/\/agora.xtec.cat\/ceipparealgue\/wp-json\/wp\/v2\/types\/post"}],"author":[{"embeddable":true,"href":"https:\/\/agora.xtec.cat\/ceipparealgue\/wp-json\/wp\/v2\/users\/52"}],"replies":[{"embeddable":true,"href":"https:\/\/agora.xtec.cat\/ceipparealgue\/wp-json\/wp\/v2\/comments?post=4465"}],"version-history":[{"count":1,"href":"https:\/\/agora.xtec.cat\/ceipparealgue\/wp-json\/wp\/v2\/posts\/4465\/revisions"}],"predecessor-version":[{"id":4466,"href":"https:\/\/agora.xtec.cat\/ceipparealgue\/wp-json\/wp\/v2\/posts\/4465\/revisions\/4466"}],"wp:attachment":[{"href":"https:\/\/agora.xtec.cat\/ceipparealgue\/wp-json\/wp\/v2\/media?parent=4465"}],"wp:term":[{"taxonomy":"category","embeddable":true,"href":"https:\/\/agora.xtec.cat\/ceipparealgue\/wp-json\/wp\/v2\/categories?post=4465"},{"taxonomy":"post_tag","embeddable":true,"href":"https:\/\/agora.xtec.cat\/ceipparealgue\/wp-json\/wp\/v2\/tags?post=4465"}],"curies":[{"name":"wp","href":"https:\/\/api.w.org\/{rel}","templated":true}]}}