{"id":4430,"date":"2022-11-06T18:32:03","date_gmt":"2022-11-06T17:32:03","guid":{"rendered":"https:\/\/agora.xtec.cat\/ceipparealgue\/?p=4430"},"modified":"2022-11-06T18:36:01","modified_gmt":"2022-11-06T17:36:01","slug":"creem-una-ciutat","status":"publish","type":"post","link":"https:\/\/agora.xtec.cat\/ceipparealgue\/general\/creem-una-ciutat\/","title":{"rendered":"Creem una ciutat"},"content":{"rendered":"<p><a href=\"https:\/\/agora.xtec.cat\/ceipparealgue\/wp-content\/uploads\/usu157\/2022\/11\/Creem-una-ciutat.jpg\"><img loading=\"lazy\" decoding=\"async\" class=\"wp-image-4431 aligncenter\" src=\"https:\/\/agora.xtec.cat\/ceipparealgue\/wp-content\/uploads\/usu157\/2022\/11\/Creem-una-ciutat-1024x819.jpg\" alt=\"\" width=\"600\" height=\"480\" srcset=\"https:\/\/agora.xtec.cat\/ceipparealgue\/wp-content\/uploads\/usu157\/2022\/11\/Creem-una-ciutat-1024x819.jpg 1024w, https:\/\/agora.xtec.cat\/ceipparealgue\/wp-content\/uploads\/usu157\/2022\/11\/Creem-una-ciutat-300x240.jpg 300w, https:\/\/agora.xtec.cat\/ceipparealgue\/wp-content\/uploads\/usu157\/2022\/11\/Creem-una-ciutat-768x614.jpg 768w, https:\/\/agora.xtec.cat\/ceipparealgue\/wp-content\/uploads\/usu157\/2022\/11\/Creem-una-ciutat-1536x1229.jpg 1536w, https:\/\/agora.xtec.cat\/ceipparealgue\/wp-content\/uploads\/usu157\/2022\/11\/Creem-una-ciutat.jpg 2000w\" sizes=\"auto, (max-width: 600px) 100vw, 600px\" \/><\/a><\/p>\n<p>Aquesta setmana a la sessi\u00f3 de pl\u00e0stica els infants de primer hem creat ciutats amb la t\u00e8cnica del collage utilitzant papers de diari i de xarol.<\/p>\n<p>Primer hem observat fotografies d&#8217;algunes ciutats de dia i de nit, ens hem fixat que tenen edificis de diferents mides, per\u00f2 molts s\u00f3n alts, amb moltes finestres i tenen diferents tipus de teulades. A part dels edificis, a les ciutats tamb\u00e9 hi ha carreteres, voreres, fanals i algun arbre.<\/p>\n<p>Tot seguit, hem fet la nostra ciutat. Amb retalls de diari hem fet els edificis, les carreteres i algun arbre. Despr\u00e9s, amb el paper de xarol i els retoladors hem donat el toc final fent els detalls per acabar-les de personalitzar. En algunes hem volgut que sigui de dia, dibuixant el sol, els n\u00favols i algun ocell i, en d&#8217;altres, \u00e9s de nit i hem fet un cel ple d&#8217;estrelles i amb la lluna.<\/p>\n<p>Cliqueu la imatge per veure les fotos.\u00a0 \u00a0<a href=\"https:\/\/photos.app.goo.gl\/Xh2yVtRw9d8jTdu98\"><img loading=\"lazy\" decoding=\"async\" class=\"wp-image-4371 alignnone\" src=\"https:\/\/agora.xtec.cat\/ceipparealgue\/wp-content\/uploads\/usu157\/2022\/10\/image_photo_jpg_file-1024x1024.jpg\" alt=\"\" width=\"69\" height=\"69\" srcset=\"https:\/\/agora.xtec.cat\/ceipparealgue\/wp-content\/uploads\/usu157\/2022\/10\/image_photo_jpg_file-1024x1024.jpg 1024w, https:\/\/agora.xtec.cat\/ceipparealgue\/wp-content\/uploads\/usu157\/2022\/10\/image_photo_jpg_file-300x300.jpg 300w, https:\/\/agora.xtec.cat\/ceipparealgue\/wp-content\/uploads\/usu157\/2022\/10\/image_photo_jpg_file-150x150.jpg 150w, https:\/\/agora.xtec.cat\/ceipparealgue\/wp-content\/uploads\/usu157\/2022\/10\/image_photo_jpg_file-768x768.jpg 768w, https:\/\/agora.xtec.cat\/ceipparealgue\/wp-content\/uploads\/usu157\/2022\/10\/image_photo_jpg_file-1536x1536.jpg 1536w, https:\/\/agora.xtec.cat\/ceipparealgue\/wp-content\/uploads\/usu157\/2022\/10\/image_photo_jpg_file-2048x2048.jpg 2048w\" sizes=\"auto, (max-width: 69px) 100vw, 69px\" \/><\/a><\/p>\n","protected":false},"excerpt":{"rendered":"<p><a href=\"https:\/\/agora.xtec.cat\/ceipparealgue\/wp-content\/uploads\/usu157\/2022\/11\/Creem-una-ciutat.jpg\"><\/a><br \/>\nAquesta setmana a la sessi\u00f3 de pl\u00e0stica els infants de primer hem creat ciutats amb la t\u00e8cnica del collage utilitzant papers de diari i de xarol.<br \/>\nPrimer hem observat fotografies d&#8217;algunes ciutats de dia i de nit, ens hem fixat que tenen edificis de diferents&hellip;  <a href=\"https:\/\/agora.xtec.cat\/ceipparealgue\/general\/creem-una-ciutat\/\" title=\"Read Creem una ciutat\">Llegeix m\u00e9s\u00bb<\/a><\/p>\n","protected":false},"author":50,"featured_media":4431,"comment_status":"open","ping_status":"closed","sticky":false,"template":"","format":"standard","meta":{"_bbp_topic_count":0,"_bbp_reply_count":0,"_bbp_total_topic_count":0,"_bbp_total_reply_count":0,"_bbp_voice_count":0,"_bbp_anonymous_reply_count":0,"_bbp_topic_count_hidden":0,"_bbp_reply_count_hidden":0,"_bbp_forum_subforum_count":0,"footnotes":""},"categories":[1,4,3],"tags":[],"class_list":["post-4430","post","type-post","status-publish","format-standard","has-post-thumbnail","hentry","category-general","category-portada","category-3"],"post_mailing_queue_ids":[],"_links":{"self":[{"href":"https:\/\/agora.xtec.cat\/ceipparealgue\/wp-json\/wp\/v2\/posts\/4430","targetHints":{"allow":["GET"]}}],"collection":[{"href":"https:\/\/agora.xtec.cat\/ceipparealgue\/wp-json\/wp\/v2\/posts"}],"about":[{"href":"https:\/\/agora.xtec.cat\/ceipparealgue\/wp-json\/wp\/v2\/types\/post"}],"author":[{"embeddable":true,"href":"https:\/\/agora.xtec.cat\/ceipparealgue\/wp-json\/wp\/v2\/users\/50"}],"replies":[{"embeddable":true,"href":"https:\/\/agora.xtec.cat\/ceipparealgue\/wp-json\/wp\/v2\/comments?post=4430"}],"version-history":[{"count":1,"href":"https:\/\/agora.xtec.cat\/ceipparealgue\/wp-json\/wp\/v2\/posts\/4430\/revisions"}],"predecessor-version":[{"id":4432,"href":"https:\/\/agora.xtec.cat\/ceipparealgue\/wp-json\/wp\/v2\/posts\/4430\/revisions\/4432"}],"wp:featuredmedia":[{"embeddable":true,"href":"https:\/\/agora.xtec.cat\/ceipparealgue\/wp-json\/wp\/v2\/media\/4431"}],"wp:attachment":[{"href":"https:\/\/agora.xtec.cat\/ceipparealgue\/wp-json\/wp\/v2\/media?parent=4430"}],"wp:term":[{"taxonomy":"category","embeddable":true,"href":"https:\/\/agora.xtec.cat\/ceipparealgue\/wp-json\/wp\/v2\/categories?post=4430"},{"taxonomy":"post_tag","embeddable":true,"href":"https:\/\/agora.xtec.cat\/ceipparealgue\/wp-json\/wp\/v2\/tags?post=4430"}],"curies":[{"name":"wp","href":"https:\/\/api.w.org\/{rel}","templated":true}]}}