{"id":4414,"date":"2022-11-02T13:21:13","date_gmt":"2022-11-02T12:21:13","guid":{"rendered":"https:\/\/agora.xtec.cat\/ceipparealgue\/?p=4414"},"modified":"2022-11-02T13:21:13","modified_gmt":"2022-11-02T12:21:13","slug":"visita-al-museu-de-la-tecnica","status":"publish","type":"post","link":"https:\/\/agora.xtec.cat\/ceipparealgue\/primaria\/2016\/visita-al-museu-de-la-tecnica\/","title":{"rendered":"Visita al Museu de la T\u00e8cnica"},"content":{"rendered":"<p><a href=\"https:\/\/agora.xtec.cat\/ceipparealgue\/wp-content\/uploads\/usu157\/2022\/11\/Collage-de-Fotos-Familiar-Minimalista-Marron-1.jpg\"><img loading=\"lazy\" decoding=\"async\" class=\"wp-image-4417 aligncenter\" src=\"https:\/\/agora.xtec.cat\/ceipparealgue\/wp-content\/uploads\/usu157\/2022\/11\/Collage-de-Fotos-Familiar-Minimalista-Marron-1-1024x819.jpg\" alt=\"\" width=\"491\" height=\"393\" srcset=\"https:\/\/agora.xtec.cat\/ceipparealgue\/wp-content\/uploads\/usu157\/2022\/11\/Collage-de-Fotos-Familiar-Minimalista-Marron-1-1024x819.jpg 1024w, https:\/\/agora.xtec.cat\/ceipparealgue\/wp-content\/uploads\/usu157\/2022\/11\/Collage-de-Fotos-Familiar-Minimalista-Marron-1-300x240.jpg 300w, https:\/\/agora.xtec.cat\/ceipparealgue\/wp-content\/uploads\/usu157\/2022\/11\/Collage-de-Fotos-Familiar-Minimalista-Marron-1-768x614.jpg 768w, https:\/\/agora.xtec.cat\/ceipparealgue\/wp-content\/uploads\/usu157\/2022\/11\/Collage-de-Fotos-Familiar-Minimalista-Marron-1-1536x1229.jpg 1536w, https:\/\/agora.xtec.cat\/ceipparealgue\/wp-content\/uploads\/usu157\/2022\/11\/Collage-de-Fotos-Familiar-Minimalista-Marron-1.jpg 2000w\" sizes=\"auto, (max-width: 491px) 100vw, 491px\" \/><\/a><\/p>\n<p>L&#8217;alumnat de cicle inicial hem visitat el Museu de la T\u00e8cnica de Manresa el dimarts 25 d&#8217;octubre (2n) i el dimecres 26 (1r) per realitzar un taller anomenat &#8220;Els Guardians de l&#8217;Aigua&#8221;.<\/p>\n<p>Amb el treball fet a l&#8217;aula sobre l&#8217;aigua que arriba a Manresa, hem apr\u00e8s que l&#8217;aigua que bevem ve del riu Llobregat, arriba al Parc de l&#8217;Agulla per una S\u00e8quia constru\u00efda pels humans fa molts anys i all\u00e0 s&#8217;emmagatzema i es potabilitza fins que arriba a les nostres llars i a l&#8217;escola.<\/p>\n<p>Ja al museu, ens vam poder convertir en qu\u00edmics i qu\u00edmiques. Vam poder comprovar a trav\u00e9s dels sentits de la vista, l&#8217;olfacte i el gust si unes mostres d&#8217;aigua eren bones per beure o no. A part d&#8217;aquesta activitat vam fer una breu visita a l&#8217;exposici\u00f3 de la S\u00e8quia per a con\u00e8ixer la feina dels sequiaires i fer el muntatge d&#8217;una senzilla maqueta de la S\u00e8quia amb un petit desnivell amb peces de fusta i fent-hi passar bales.<\/p>\n<p>La visita i les activitats ens van agradar molt i ara ja sabem m\u00e9s de com arriba l&#8217;aigua a casa nostra.<\/p>\n<p><a href=\"https:\/\/photos.app.goo.gl\/FWQ17ooPAC8m2H619\">Podeu veure les fotografies aqu\u00ed<\/a><\/p>\n<p>&nbsp;<\/p>\n","protected":false},"excerpt":{"rendered":"<p><a href=\"https:\/\/agora.xtec.cat\/ceipparealgue\/wp-content\/uploads\/usu157\/2022\/11\/Collage-de-Fotos-Familiar-Minimalista-Marron-1.jpg\"><\/a><br \/>\nL&#8217;alumnat de cicle inicial hem visitat el Museu de la T\u00e8cnica de Manresa el dimarts 25 d&#8217;octubre (2n) i el dimecres 26 (1r) per realitzar un taller anomenat &#8220;Els Guardians de l&#8217;Aigua&#8221;.<br \/>\nAmb el treball fet a l&#8217;aula sobre l&#8217;aigua que arriba a Manresa, hem&hellip;  <a href=\"https:\/\/agora.xtec.cat\/ceipparealgue\/primaria\/2016\/visita-al-museu-de-la-tecnica\/\" title=\"Read Visita al Museu de la T\u00e8cnica\">Llegeix m\u00e9s\u00bb<\/a><\/p>\n","protected":false},"author":50,"featured_media":4415,"comment_status":"open","ping_status":"closed","sticky":false,"template":"","format":"standard","meta":{"_bbp_topic_count":0,"_bbp_reply_count":0,"_bbp_total_topic_count":0,"_bbp_total_reply_count":0,"_bbp_voice_count":0,"_bbp_anonymous_reply_count":0,"_bbp_topic_count_hidden":0,"_bbp_reply_count_hidden":0,"_bbp_forum_subforum_count":0,"footnotes":""},"categories":[4,8,3],"tags":[],"class_list":["post-4414","post","type-post","status-publish","format-standard","has-post-thumbnail","hentry","category-portada","category-8","category-3"],"post_mailing_queue_ids":[],"_links":{"self":[{"href":"https:\/\/agora.xtec.cat\/ceipparealgue\/wp-json\/wp\/v2\/posts\/4414","targetHints":{"allow":["GET"]}}],"collection":[{"href":"https:\/\/agora.xtec.cat\/ceipparealgue\/wp-json\/wp\/v2\/posts"}],"about":[{"href":"https:\/\/agora.xtec.cat\/ceipparealgue\/wp-json\/wp\/v2\/types\/post"}],"author":[{"embeddable":true,"href":"https:\/\/agora.xtec.cat\/ceipparealgue\/wp-json\/wp\/v2\/users\/50"}],"replies":[{"embeddable":true,"href":"https:\/\/agora.xtec.cat\/ceipparealgue\/wp-json\/wp\/v2\/comments?post=4414"}],"version-history":[{"count":2,"href":"https:\/\/agora.xtec.cat\/ceipparealgue\/wp-json\/wp\/v2\/posts\/4414\/revisions"}],"predecessor-version":[{"id":4418,"href":"https:\/\/agora.xtec.cat\/ceipparealgue\/wp-json\/wp\/v2\/posts\/4414\/revisions\/4418"}],"wp:featuredmedia":[{"embeddable":true,"href":"https:\/\/agora.xtec.cat\/ceipparealgue\/wp-json\/wp\/v2\/media\/4415"}],"wp:attachment":[{"href":"https:\/\/agora.xtec.cat\/ceipparealgue\/wp-json\/wp\/v2\/media?parent=4414"}],"wp:term":[{"taxonomy":"category","embeddable":true,"href":"https:\/\/agora.xtec.cat\/ceipparealgue\/wp-json\/wp\/v2\/categories?post=4414"},{"taxonomy":"post_tag","embeddable":true,"href":"https:\/\/agora.xtec.cat\/ceipparealgue\/wp-json\/wp\/v2\/tags?post=4414"}],"curies":[{"name":"wp","href":"https:\/\/api.w.org\/{rel}","templated":true}]}}