{"id":4407,"date":"2022-10-29T12:03:03","date_gmt":"2022-10-29T10:03:03","guid":{"rendered":"https:\/\/agora.xtec.cat\/ceipparealgue\/?p=4407"},"modified":"2022-10-29T12:12:49","modified_gmt":"2022-10-29T10:12:49","slug":"la-castanyada","status":"publish","type":"post","link":"https:\/\/agora.xtec.cat\/ceipparealgue\/general\/la-castanyada\/","title":{"rendered":"La Castanyada"},"content":{"rendered":"<p>El divendres 28 d&#8217;octubre l&#8217;Escola Pare Algu\u00e9 es va omplir de Castanyers i Castanyeres, que venien a celebrar la Castanyada. La festa va comen\u00e7ar al pati amb diferents danses. Despr\u00e9s es van torrar i menjar castanyes. Finalment, la festa es va acabar amb molta m\u00fasica.<\/p>\n<p>Agrair la participaci\u00f3 de tots els i les mestres, personal de l&#8217;escola i, tamb\u00e9, a les fam\u00edlies, que van fer una gran feinada tallant castanyes. GR\u00c0CIES \ud83d\ude42<\/p>\n<p>Clicant a la imatge veureu que b\u00e9 ens ho vam passar!<\/p>\n<p><a href=\"https:\/\/photos.app.goo.gl\/cfqSyR89stZ8qmst5\"><img loading=\"lazy\" decoding=\"async\" class=\"wp-image-4408 alignnone\" src=\"https:\/\/agora.xtec.cat\/ceipparealgue\/wp-content\/uploads\/usu157\/2022\/10\/IMG_0555-946x1024.jpg\" alt=\"\" width=\"280\" height=\"303\" srcset=\"https:\/\/agora.xtec.cat\/ceipparealgue\/wp-content\/uploads\/usu157\/2022\/10\/IMG_0555-946x1024.jpg 946w, https:\/\/agora.xtec.cat\/ceipparealgue\/wp-content\/uploads\/usu157\/2022\/10\/IMG_0555-277x300.jpg 277w, https:\/\/agora.xtec.cat\/ceipparealgue\/wp-content\/uploads\/usu157\/2022\/10\/IMG_0555-768x831.jpg 768w, https:\/\/agora.xtec.cat\/ceipparealgue\/wp-content\/uploads\/usu157\/2022\/10\/IMG_0555-1420x1536.jpg 1420w, https:\/\/agora.xtec.cat\/ceipparealgue\/wp-content\/uploads\/usu157\/2022\/10\/IMG_0555-1893x2048.jpg 1893w\" sizes=\"auto, (max-width: 280px) 100vw, 280px\" \/><\/a><\/p>\n<p>&nbsp;<\/p>\n","protected":false},"excerpt":{"rendered":"<p>El divendres 28 d&#8217;octubre l&#8217;Escola Pare Algu\u00e9 es va omplir de Castanyers i Castanyeres, que venien a celebrar la Castanyada. La festa va comen\u00e7ar al pati amb diferents danses. Despr\u00e9s es van torrar i menjar castanyes. Finalment, la festa es va acabar amb molta m\u00fasica.<br \/>\nAgrair&hellip;  <a href=\"https:\/\/agora.xtec.cat\/ceipparealgue\/general\/la-castanyada\/\" title=\"Read La Castanyada\">Llegeix m\u00e9s\u00bb<\/a><\/p>\n","protected":false},"author":1,"featured_media":0,"comment_status":"open","ping_status":"closed","sticky":false,"template":"","format":"standard","meta":{"_bbp_topic_count":0,"_bbp_reply_count":0,"_bbp_total_topic_count":0,"_bbp_total_reply_count":0,"_bbp_voice_count":0,"_bbp_anonymous_reply_count":0,"_bbp_topic_count_hidden":0,"_bbp_reply_count_hidden":0,"_bbp_forum_subforum_count":0,"footnotes":""},"categories":[7,1,2,4,5],"tags":[],"class_list":["post-4407","post","type-post","status-publish","format-standard","hentry","category-ampa","category-general","category-infantil","category-portada","category-primaria"],"post_mailing_queue_ids":[],"_links":{"self":[{"href":"https:\/\/agora.xtec.cat\/ceipparealgue\/wp-json\/wp\/v2\/posts\/4407","targetHints":{"allow":["GET"]}}],"collection":[{"href":"https:\/\/agora.xtec.cat\/ceipparealgue\/wp-json\/wp\/v2\/posts"}],"about":[{"href":"https:\/\/agora.xtec.cat\/ceipparealgue\/wp-json\/wp\/v2\/types\/post"}],"author":[{"embeddable":true,"href":"https:\/\/agora.xtec.cat\/ceipparealgue\/wp-json\/wp\/v2\/users\/1"}],"replies":[{"embeddable":true,"href":"https:\/\/agora.xtec.cat\/ceipparealgue\/wp-json\/wp\/v2\/comments?post=4407"}],"version-history":[{"count":3,"href":"https:\/\/agora.xtec.cat\/ceipparealgue\/wp-json\/wp\/v2\/posts\/4407\/revisions"}],"predecessor-version":[{"id":4413,"href":"https:\/\/agora.xtec.cat\/ceipparealgue\/wp-json\/wp\/v2\/posts\/4407\/revisions\/4413"}],"wp:attachment":[{"href":"https:\/\/agora.xtec.cat\/ceipparealgue\/wp-json\/wp\/v2\/media?parent=4407"}],"wp:term":[{"taxonomy":"category","embeddable":true,"href":"https:\/\/agora.xtec.cat\/ceipparealgue\/wp-json\/wp\/v2\/categories?post=4407"},{"taxonomy":"post_tag","embeddable":true,"href":"https:\/\/agora.xtec.cat\/ceipparealgue\/wp-json\/wp\/v2\/tags?post=4407"}],"curies":[{"name":"wp","href":"https:\/\/api.w.org\/{rel}","templated":true}]}}