{"id":4368,"date":"2022-10-21T05:37:32","date_gmt":"2022-10-21T03:37:32","guid":{"rendered":"https:\/\/agora.xtec.cat\/ceipparealgue\/?p=4368"},"modified":"2022-10-21T05:39:35","modified_gmt":"2022-10-21T03:39:35","slug":"1r-les-nostres-pors","status":"publish","type":"post","link":"https:\/\/agora.xtec.cat\/ceipparealgue\/general\/1r-les-nostres-pors\/","title":{"rendered":"1r: Les nostres pors."},"content":{"rendered":"<p>&nbsp;<\/p>\n<p><img loading=\"lazy\" decoding=\"async\" class=\"alignnone wp-image-4369 size-full\" src=\"https:\/\/agora.xtec.cat\/ceipparealgue\/wp-content\/uploads\/usu157\/2022\/10\/Les-nostres-pors-4.png\" alt=\"\" width=\"1000\" height=\"800\" srcset=\"https:\/\/agora.xtec.cat\/ceipparealgue\/wp-content\/uploads\/usu157\/2022\/10\/Les-nostres-pors-4.png 1000w, https:\/\/agora.xtec.cat\/ceipparealgue\/wp-content\/uploads\/usu157\/2022\/10\/Les-nostres-pors-4-300x240.png 300w, https:\/\/agora.xtec.cat\/ceipparealgue\/wp-content\/uploads\/usu157\/2022\/10\/Les-nostres-pors-4-768x614.png 768w\" sizes=\"auto, (max-width: 1000px) 100vw, 1000px\" \/><\/p>\n<p>Ens encanta treballar seguint un tema que pugui sorgir de les inquietuds dels infants, com \u00e9s el cas del treball: Les nostres pors. \u00a0Sorgit de la lectura &#8220;Els\u00a0fantasmes no truquen a la porta&#8221;, els infants van comen\u00e7ar, de forma espont\u00e0nia, a compartir les seves pors. A partir d&#8217;aqu\u00ed hem seguit un cam\u00ed en el que hem treballat les emocions, la identificaci\u00f3, l&#8217;expressi\u00f3 i representaci\u00f3 de la por, com aquesta emoci\u00f3 ha capturat l&#8217;atenci\u00f3 d&#8217;alguns pintors i com l&#8217;han expressat (com el cas del Crit de l&#8217;Edvard Munch), hem escrit un nota, hem representat en una gr\u00e0fica les pors dels nostres pares i mares, hem parlat de qu\u00e8 podem fer per superar les pors, hem llegit molts contes sobre la por&#8230;i hem fet un MENJAPORS!<\/p>\n<p>Cliqueu la imatge per veure les fotos.<a href=\"https:\/\/photos.app.goo.gl\/uUduVmAEee4vECfu9\" target=\"_blank\" rel=\"noopener\"><img class=\"alignnone\" \/><\/a><a href=\"https:\/\/photos.app.goo.gl\/uUduVmAEee4vECfu9\"><img loading=\"lazy\" decoding=\"async\" class=\"alignnone wp-image-4371\" src=\"https:\/\/agora.xtec.cat\/ceipparealgue\/wp-content\/uploads\/usu157\/2022\/10\/image_photo_jpg_file-1024x1024.jpg\" alt=\"\" width=\"86\" height=\"86\" srcset=\"https:\/\/agora.xtec.cat\/ceipparealgue\/wp-content\/uploads\/usu157\/2022\/10\/image_photo_jpg_file-1024x1024.jpg 1024w, https:\/\/agora.xtec.cat\/ceipparealgue\/wp-content\/uploads\/usu157\/2022\/10\/image_photo_jpg_file-300x300.jpg 300w, https:\/\/agora.xtec.cat\/ceipparealgue\/wp-content\/uploads\/usu157\/2022\/10\/image_photo_jpg_file-150x150.jpg 150w, https:\/\/agora.xtec.cat\/ceipparealgue\/wp-content\/uploads\/usu157\/2022\/10\/image_photo_jpg_file-768x768.jpg 768w, https:\/\/agora.xtec.cat\/ceipparealgue\/wp-content\/uploads\/usu157\/2022\/10\/image_photo_jpg_file-1536x1536.jpg 1536w, https:\/\/agora.xtec.cat\/ceipparealgue\/wp-content\/uploads\/usu157\/2022\/10\/image_photo_jpg_file-2048x2048.jpg 2048w\" sizes=\"auto, (max-width: 86px) 100vw, 86px\" \/><\/a><\/p>\n","protected":false},"excerpt":{"rendered":"<p>&nbsp;<\/p>\n<p>Ens encanta treballar seguint un tema que pugui sorgir de les inquietuds dels infants, com \u00e9s el cas del treball: Les nostres pors. \u00a0Sorgit de la lectura &#8220;Els\u00a0fantasmes no truquen a la porta&#8221;, els infants van comen\u00e7ar, de forma espont\u00e0nia, a compartir les seves pors.&hellip;  <a href=\"https:\/\/agora.xtec.cat\/ceipparealgue\/general\/1r-les-nostres-pors\/\" title=\"Read 1r: Les nostres pors.\">Llegeix m\u00e9s\u00bb<\/a><\/p>\n","protected":false},"author":50,"featured_media":4369,"comment_status":"open","ping_status":"closed","sticky":false,"template":"","format":"standard","meta":{"_bbp_topic_count":0,"_bbp_reply_count":0,"_bbp_total_topic_count":0,"_bbp_total_reply_count":0,"_bbp_voice_count":0,"_bbp_anonymous_reply_count":0,"_bbp_topic_count_hidden":0,"_bbp_reply_count_hidden":0,"_bbp_forum_subforum_count":0,"footnotes":""},"categories":[1,4,3],"tags":[],"class_list":["post-4368","post","type-post","status-publish","format-standard","has-post-thumbnail","hentry","category-general","category-portada","category-3"],"post_mailing_queue_ids":[],"_links":{"self":[{"href":"https:\/\/agora.xtec.cat\/ceipparealgue\/wp-json\/wp\/v2\/posts\/4368","targetHints":{"allow":["GET"]}}],"collection":[{"href":"https:\/\/agora.xtec.cat\/ceipparealgue\/wp-json\/wp\/v2\/posts"}],"about":[{"href":"https:\/\/agora.xtec.cat\/ceipparealgue\/wp-json\/wp\/v2\/types\/post"}],"author":[{"embeddable":true,"href":"https:\/\/agora.xtec.cat\/ceipparealgue\/wp-json\/wp\/v2\/users\/50"}],"replies":[{"embeddable":true,"href":"https:\/\/agora.xtec.cat\/ceipparealgue\/wp-json\/wp\/v2\/comments?post=4368"}],"version-history":[{"count":3,"href":"https:\/\/agora.xtec.cat\/ceipparealgue\/wp-json\/wp\/v2\/posts\/4368\/revisions"}],"predecessor-version":[{"id":4373,"href":"https:\/\/agora.xtec.cat\/ceipparealgue\/wp-json\/wp\/v2\/posts\/4368\/revisions\/4373"}],"wp:featuredmedia":[{"embeddable":true,"href":"https:\/\/agora.xtec.cat\/ceipparealgue\/wp-json\/wp\/v2\/media\/4369"}],"wp:attachment":[{"href":"https:\/\/agora.xtec.cat\/ceipparealgue\/wp-json\/wp\/v2\/media?parent=4368"}],"wp:term":[{"taxonomy":"category","embeddable":true,"href":"https:\/\/agora.xtec.cat\/ceipparealgue\/wp-json\/wp\/v2\/categories?post=4368"},{"taxonomy":"post_tag","embeddable":true,"href":"https:\/\/agora.xtec.cat\/ceipparealgue\/wp-json\/wp\/v2\/tags?post=4368"}],"curies":[{"name":"wp","href":"https:\/\/api.w.org\/{rel}","templated":true}]}}