{"id":4322,"date":"2022-10-10T16:31:44","date_gmt":"2022-10-10T14:31:44","guid":{"rendered":"https:\/\/agora.xtec.cat\/ceipparealgue\/?p=4322"},"modified":"2022-10-10T16:31:44","modified_gmt":"2022-10-10T14:31:44","slug":"fira-mediterrania-2022-bloc-dels-petits","status":"publish","type":"post","link":"https:\/\/agora.xtec.cat\/ceipparealgue\/primaria\/2016\/fira-mediterrania-2022-bloc-dels-petits\/","title":{"rendered":"FIRA MEDITERR\u00c0NIA 2022 BLOC DELS PETITS"},"content":{"rendered":"<p>Hola!<\/p>\n<p>El passat divendres dia 7 d&#8217;octubre en motiu de la Fira Mediterr\u00e0nia que es va celebrar aqu\u00ed a Manresa vam anar el bloc del petits (I3, I4, I5, 1r i 2n) al teatre conservatori. L&#8217;obra que vam veure es deia &#8220;sense lluna&#8221; de la companyia Samfaina de colors.<\/p>\n<p>Aprofitant que estem fent el projecte de l&#8217;univers, vam descobrir les fases de la lluna, els animals nocturns que surten&#8230;<\/p>\n<p>Vam disfrutar molt\u00edssim! Una obra amb m\u00fasica i una escenificaci\u00f3 molt maca.<\/p>\n<p><a href=\"https:\/\/photos.app.goo.gl\/zhgFLJPKcrN61CWH9\">Aqu\u00ed podreu veure les fotos!!!!<\/a><\/p>\n<p>&nbsp;<\/p>\n<p>&nbsp;<\/p>\n<p>&nbsp;<\/p>\n","protected":false},"excerpt":{"rendered":"<p>Hola!<br \/>\nEl passat divendres dia 7 d&#8217;octubre en motiu de la Fira Mediterr\u00e0nia que es va celebrar aqu\u00ed a Manresa vam anar el bloc del petits (I3, I4, I5, 1r i 2n) al teatre conservatori. L&#8217;obra que vam veure es deia &#8220;sense lluna&#8221; de la companyia&hellip;  <a href=\"https:\/\/agora.xtec.cat\/ceipparealgue\/primaria\/2016\/fira-mediterrania-2022-bloc-dels-petits\/\" title=\"Read FIRA MEDITERR\u00c0NIA 2022 BLOC DELS PETITS\">Llegeix m\u00e9s\u00bb<\/a><\/p>\n","protected":false},"author":50,"featured_media":0,"comment_status":"open","ping_status":"closed","sticky":false,"template":"","format":"standard","meta":{"_bbp_topic_count":0,"_bbp_reply_count":0,"_bbp_total_topic_count":0,"_bbp_total_reply_count":0,"_bbp_voice_count":0,"_bbp_anonymous_reply_count":0,"_bbp_topic_count_hidden":0,"_bbp_reply_count_hidden":0,"_bbp_forum_subforum_count":0,"footnotes":""},"categories":[4,8,3,66,68,73],"tags":[],"class_list":["post-4322","post","type-post","status-publish","format-standard","hentry","category-portada","category-8","category-3","category-66","category-68","category-promocio-2019"],"post_mailing_queue_ids":[],"_links":{"self":[{"href":"https:\/\/agora.xtec.cat\/ceipparealgue\/wp-json\/wp\/v2\/posts\/4322","targetHints":{"allow":["GET"]}}],"collection":[{"href":"https:\/\/agora.xtec.cat\/ceipparealgue\/wp-json\/wp\/v2\/posts"}],"about":[{"href":"https:\/\/agora.xtec.cat\/ceipparealgue\/wp-json\/wp\/v2\/types\/post"}],"author":[{"embeddable":true,"href":"https:\/\/agora.xtec.cat\/ceipparealgue\/wp-json\/wp\/v2\/users\/50"}],"replies":[{"embeddable":true,"href":"https:\/\/agora.xtec.cat\/ceipparealgue\/wp-json\/wp\/v2\/comments?post=4322"}],"version-history":[{"count":1,"href":"https:\/\/agora.xtec.cat\/ceipparealgue\/wp-json\/wp\/v2\/posts\/4322\/revisions"}],"predecessor-version":[{"id":4323,"href":"https:\/\/agora.xtec.cat\/ceipparealgue\/wp-json\/wp\/v2\/posts\/4322\/revisions\/4323"}],"wp:attachment":[{"href":"https:\/\/agora.xtec.cat\/ceipparealgue\/wp-json\/wp\/v2\/media?parent=4322"}],"wp:term":[{"taxonomy":"category","embeddable":true,"href":"https:\/\/agora.xtec.cat\/ceipparealgue\/wp-json\/wp\/v2\/categories?post=4322"},{"taxonomy":"post_tag","embeddable":true,"href":"https:\/\/agora.xtec.cat\/ceipparealgue\/wp-json\/wp\/v2\/tags?post=4322"}],"curies":[{"name":"wp","href":"https:\/\/api.w.org\/{rel}","templated":true}]}}