{"id":4316,"date":"2022-10-07T15:21:23","date_gmt":"2022-10-07T13:21:23","guid":{"rendered":"https:\/\/agora.xtec.cat\/ceipparealgue\/?p=4316"},"modified":"2022-10-07T15:59:02","modified_gmt":"2022-10-07T13:59:02","slug":"fira-mediterrania-2022-taller-les-eines","status":"publish","type":"post","link":"https:\/\/agora.xtec.cat\/ceipparealgue\/general\/fira-mediterrania-2022-taller-les-eines\/","title":{"rendered":"Fira Mediterr\u00e0nia 2022: Taller &#8220;Les eines&#8221;"},"content":{"rendered":"<p>Bona tarda a tothom! Ahir dia 6 d&#8217;octubre, l&#8217;alumnat de sis\u00e8 va a anar a fer un taller de la Fira Mediterr\u00e0nia de Manresa, anomenat <em>Les eines<\/em>, del Cor Jove de Granollers. I avui hem anat els de cinqu\u00e8. Ens ha agradat molt l&#8217;experi\u00e8ncia i hem apr\u00e8s molt de les can\u00e7ons populars i com s&#8217;han conservat al llarg dels anys. A m\u00e9s, ens han fet una visita des del canal de televisi\u00f3 TV3 i hem sortit al programa <em>Tot es mou <\/em>d&#8217;avui al mat\u00ed. En el seg\u00fcent enlla\u00e7 ens podreu veure, a partir del minut 38:<\/p>\n<p><a href=\"https:\/\/photos.app.goo.gl\/ZZLQ1gvXJaFt4tCE6\"><img loading=\"lazy\" decoding=\"async\" class=\" wp-image-4314 aligncenter\" src=\"https:\/\/agora.xtec.cat\/ceipparealgue\/wp-content\/uploads\/usu157\/2022\/10\/firamanresa.jpg\" alt=\"\" width=\"265\" height=\"265\" srcset=\"https:\/\/agora.xtec.cat\/ceipparealgue\/wp-content\/uploads\/usu157\/2022\/10\/firamanresa.jpg 400w, https:\/\/agora.xtec.cat\/ceipparealgue\/wp-content\/uploads\/usu157\/2022\/10\/firamanresa-300x300.jpg 300w, https:\/\/agora.xtec.cat\/ceipparealgue\/wp-content\/uploads\/usu157\/2022\/10\/firamanresa-150x150.jpg 150w\" sizes=\"auto, (max-width: 265px) 100vw, 265px\" \/><\/a><\/p>\n<p><a href=\"https:\/\/www.ccma.cat\/tv3\/alacarta\/tot-es-mou\/tot-es-mou-07102022\/video\/6179411\/\">Veure el programa<\/a><\/p>\n<p>&nbsp;<\/p>\n<p><a href=\"https:\/\/photos.app.goo.gl\/ZZLQ1gvXJaFt4tCE6\">Veure fotografies<\/a><\/p>\n<p>&nbsp;<\/p>\n<p>&nbsp;<\/p>\n","protected":false},"excerpt":{"rendered":"<p>Bona tarda a tothom! Ahir dia 6 d&#8217;octubre, l&#8217;alumnat de sis\u00e8 va a anar a fer un taller de la Fira Mediterr\u00e0nia de Manresa, anomenat Les eines, del Cor Jove de Granollers. I avui hem anat els de cinqu\u00e8. Ens ha agradat molt l&#8217;experi\u00e8ncia i&hellip;  <a href=\"https:\/\/agora.xtec.cat\/ceipparealgue\/general\/fira-mediterrania-2022-taller-les-eines\/\" title=\"Read Fira Mediterr\u00e0nia 2022: Taller &#8220;Les eines&#8221;\">Llegeix m\u00e9s\u00bb<\/a><\/p>\n","protected":false},"author":52,"featured_media":0,"comment_status":"open","ping_status":"closed","sticky":false,"template":"","format":"standard","meta":{"_bbp_topic_count":0,"_bbp_reply_count":0,"_bbp_total_topic_count":0,"_bbp_total_reply_count":0,"_bbp_voice_count":0,"_bbp_anonymous_reply_count":0,"_bbp_topic_count_hidden":0,"_bbp_reply_count_hidden":0,"_bbp_forum_subforum_count":0,"footnotes":""},"categories":[1,4,12,11],"tags":[],"class_list":["post-4316","post","type-post","status-publish","format-standard","hentry","category-general","category-portada","category-12","category-11"],"post_mailing_queue_ids":[],"_links":{"self":[{"href":"https:\/\/agora.xtec.cat\/ceipparealgue\/wp-json\/wp\/v2\/posts\/4316","targetHints":{"allow":["GET"]}}],"collection":[{"href":"https:\/\/agora.xtec.cat\/ceipparealgue\/wp-json\/wp\/v2\/posts"}],"about":[{"href":"https:\/\/agora.xtec.cat\/ceipparealgue\/wp-json\/wp\/v2\/types\/post"}],"author":[{"embeddable":true,"href":"https:\/\/agora.xtec.cat\/ceipparealgue\/wp-json\/wp\/v2\/users\/52"}],"replies":[{"embeddable":true,"href":"https:\/\/agora.xtec.cat\/ceipparealgue\/wp-json\/wp\/v2\/comments?post=4316"}],"version-history":[{"count":3,"href":"https:\/\/agora.xtec.cat\/ceipparealgue\/wp-json\/wp\/v2\/posts\/4316\/revisions"}],"predecessor-version":[{"id":4321,"href":"https:\/\/agora.xtec.cat\/ceipparealgue\/wp-json\/wp\/v2\/posts\/4316\/revisions\/4321"}],"wp:attachment":[{"href":"https:\/\/agora.xtec.cat\/ceipparealgue\/wp-json\/wp\/v2\/media?parent=4316"}],"wp:term":[{"taxonomy":"category","embeddable":true,"href":"https:\/\/agora.xtec.cat\/ceipparealgue\/wp-json\/wp\/v2\/categories?post=4316"},{"taxonomy":"post_tag","embeddable":true,"href":"https:\/\/agora.xtec.cat\/ceipparealgue\/wp-json\/wp\/v2\/tags?post=4316"}],"curies":[{"name":"wp","href":"https:\/\/api.w.org\/{rel}","templated":true}]}}