{"id":4193,"date":"2022-07-05T17:28:09","date_gmt":"2022-07-05T15:28:09","guid":{"rendered":"https:\/\/agora.xtec.cat\/ceipparealgue\/?p=4193"},"modified":"2022-07-05T17:28:09","modified_gmt":"2022-07-05T15:28:09","slug":"acomiadem-el-curs-amb-aigua","status":"publish","type":"post","link":"https:\/\/agora.xtec.cat\/ceipparealgue\/infantil\/acomiadem-el-curs-amb-aigua\/","title":{"rendered":"ACOMIADEM EL CURS AMB AIGUA"},"content":{"rendered":"<p>Les i els alumnes d&#8217;educaci\u00f3 infantil i cicle inicial de l&#8217;escola han acomiadat el curs 2021-2022 amb una gran festa de l&#8217;aigua. El passat dimecres 22 de juny les mestres van preparar unes proves passades per aigua per tal de celebrar el final de curs.<\/p>\n<p>Ens ho vam passar s\u00faper b\u00e9. Si cliqueu a la seg\u00fcent imatge, ho veureu \ud83d\ude42<\/p>\n<p><a href=\"https:\/\/photos.app.goo.gl\/oBGaV3tKNujU3NiU9\"><img loading=\"lazy\" decoding=\"async\" class=\"alignnone size-large wp-image-4194\" src=\"https:\/\/agora.xtec.cat\/ceipparealgue\/wp-content\/uploads\/usu157\/2022\/07\/IMG_6325-1024x768.jpeg\" alt=\"\" width=\"1024\" height=\"768\" srcset=\"https:\/\/agora.xtec.cat\/ceipparealgue\/wp-content\/uploads\/usu157\/2022\/07\/IMG_6325-1024x768.jpeg 1024w, https:\/\/agora.xtec.cat\/ceipparealgue\/wp-content\/uploads\/usu157\/2022\/07\/IMG_6325-300x225.jpeg 300w, https:\/\/agora.xtec.cat\/ceipparealgue\/wp-content\/uploads\/usu157\/2022\/07\/IMG_6325-768x576.jpeg 768w, https:\/\/agora.xtec.cat\/ceipparealgue\/wp-content\/uploads\/usu157\/2022\/07\/IMG_6325-1536x1152.jpeg 1536w, https:\/\/agora.xtec.cat\/ceipparealgue\/wp-content\/uploads\/usu157\/2022\/07\/IMG_6325-200x150.jpeg 200w, https:\/\/agora.xtec.cat\/ceipparealgue\/wp-content\/uploads\/usu157\/2022\/07\/IMG_6325.jpeg 2048w\" sizes=\"auto, (max-width: 1024px) 100vw, 1024px\" \/><\/a><\/p>\n<p>&nbsp;<\/p>\n","protected":false},"excerpt":{"rendered":"<p>Les i els alumnes d&#8217;educaci\u00f3 infantil i cicle inicial de l&#8217;escola han acomiadat el curs 2021-2022 amb una gran festa de l&#8217;aigua. El passat dimecres 22 de juny les mestres van preparar unes proves passades per aigua per tal de celebrar el final de curs.<br \/>\nEns&hellip;  <a href=\"https:\/\/agora.xtec.cat\/ceipparealgue\/infantil\/acomiadem-el-curs-amb-aigua\/\" title=\"Read ACOMIADEM EL CURS AMB AIGUA\">Llegeix m\u00e9s\u00bb<\/a><\/p>\n","protected":false},"author":1,"featured_media":0,"comment_status":"open","ping_status":"closed","sticky":false,"template":"","format":"standard","meta":{"_bbp_topic_count":0,"_bbp_reply_count":0,"_bbp_total_topic_count":0,"_bbp_total_reply_count":0,"_bbp_voice_count":0,"_bbp_anonymous_reply_count":0,"_bbp_topic_count_hidden":0,"_bbp_reply_count_hidden":0,"_bbp_forum_subforum_count":0,"footnotes":""},"categories":[2,4,5,8,3,66,68],"tags":[],"class_list":["post-4193","post","type-post","status-publish","format-standard","hentry","category-infantil","category-portada","category-primaria","category-8","category-3","category-66","category-68"],"post_mailing_queue_ids":[],"_links":{"self":[{"href":"https:\/\/agora.xtec.cat\/ceipparealgue\/wp-json\/wp\/v2\/posts\/4193","targetHints":{"allow":["GET"]}}],"collection":[{"href":"https:\/\/agora.xtec.cat\/ceipparealgue\/wp-json\/wp\/v2\/posts"}],"about":[{"href":"https:\/\/agora.xtec.cat\/ceipparealgue\/wp-json\/wp\/v2\/types\/post"}],"author":[{"embeddable":true,"href":"https:\/\/agora.xtec.cat\/ceipparealgue\/wp-json\/wp\/v2\/users\/1"}],"replies":[{"embeddable":true,"href":"https:\/\/agora.xtec.cat\/ceipparealgue\/wp-json\/wp\/v2\/comments?post=4193"}],"version-history":[{"count":1,"href":"https:\/\/agora.xtec.cat\/ceipparealgue\/wp-json\/wp\/v2\/posts\/4193\/revisions"}],"predecessor-version":[{"id":4195,"href":"https:\/\/agora.xtec.cat\/ceipparealgue\/wp-json\/wp\/v2\/posts\/4193\/revisions\/4195"}],"wp:attachment":[{"href":"https:\/\/agora.xtec.cat\/ceipparealgue\/wp-json\/wp\/v2\/media?parent=4193"}],"wp:term":[{"taxonomy":"category","embeddable":true,"href":"https:\/\/agora.xtec.cat\/ceipparealgue\/wp-json\/wp\/v2\/categories?post=4193"},{"taxonomy":"post_tag","embeddable":true,"href":"https:\/\/agora.xtec.cat\/ceipparealgue\/wp-json\/wp\/v2\/tags?post=4193"}],"curies":[{"name":"wp","href":"https:\/\/api.w.org\/{rel}","templated":true}]}}