{"id":4189,"date":"2022-06-20T16:31:11","date_gmt":"2022-06-20T14:31:11","guid":{"rendered":"https:\/\/agora.xtec.cat\/ceipparealgue\/?p=4189"},"modified":"2022-07-05T17:57:39","modified_gmt":"2022-07-05T15:57:39","slug":"parc-de-navarcles","status":"publish","type":"post","link":"https:\/\/agora.xtec.cat\/ceipparealgue\/general\/parc-de-navarcles\/","title":{"rendered":"Parc de Navarcles"},"content":{"rendered":"<p>Hola a tots i a totes!<\/p>\n<p>El passat dijous 16 de juny, 6\u00e8 A i 6\u00e8 B vam anar al Parc de Navarcles a fer activitats aqu\u00e0tiques (raeirs i rem amb kayak) i patinets. Va ser molt divertit i ens vam poder refrescar molt\u00edssim! \u00c9s una sortida per repetir!<\/p>\n<p><a href=\"https:\/\/photos.app.goo.gl\/DnJPtCeCPkorv9TD8\">Fotos Parc de Navarcles<\/a><\/p>\n<p>&nbsp;<\/p>\n","protected":false},"excerpt":{"rendered":"<p>Hola a tots i a totes!<br \/>\nEl passat dijous 16 de juny, 6\u00e8 A i 6\u00e8 B vam anar al Parc de Navarcles a fer activitats aqu\u00e0tiques (raeirs i rem amb kayak) i patinets. Va ser molt divertit i ens vam poder refrescar molt\u00edssim! \u00c9s una&hellip;  <a href=\"https:\/\/agora.xtec.cat\/ceipparealgue\/general\/parc-de-navarcles\/\" title=\"Read Parc de Navarcles\">Llegeix m\u00e9s\u00bb<\/a><\/p>\n","protected":false},"author":52,"featured_media":0,"comment_status":"open","ping_status":"closed","sticky":false,"template":"","format":"standard","meta":{"_bbp_topic_count":0,"_bbp_reply_count":0,"_bbp_total_topic_count":0,"_bbp_total_reply_count":0,"_bbp_voice_count":0,"_bbp_anonymous_reply_count":0,"_bbp_topic_count_hidden":0,"_bbp_reply_count_hidden":0,"_bbp_forum_subforum_count":0,"footnotes":""},"categories":[1,4,5,12],"tags":[],"class_list":["post-4189","post","type-post","status-publish","format-standard","hentry","category-general","category-portada","category-primaria","category-12"],"post_mailing_queue_ids":[],"_links":{"self":[{"href":"https:\/\/agora.xtec.cat\/ceipparealgue\/wp-json\/wp\/v2\/posts\/4189","targetHints":{"allow":["GET"]}}],"collection":[{"href":"https:\/\/agora.xtec.cat\/ceipparealgue\/wp-json\/wp\/v2\/posts"}],"about":[{"href":"https:\/\/agora.xtec.cat\/ceipparealgue\/wp-json\/wp\/v2\/types\/post"}],"author":[{"embeddable":true,"href":"https:\/\/agora.xtec.cat\/ceipparealgue\/wp-json\/wp\/v2\/users\/52"}],"replies":[{"embeddable":true,"href":"https:\/\/agora.xtec.cat\/ceipparealgue\/wp-json\/wp\/v2\/comments?post=4189"}],"version-history":[{"count":1,"href":"https:\/\/agora.xtec.cat\/ceipparealgue\/wp-json\/wp\/v2\/posts\/4189\/revisions"}],"predecessor-version":[{"id":4190,"href":"https:\/\/agora.xtec.cat\/ceipparealgue\/wp-json\/wp\/v2\/posts\/4189\/revisions\/4190"}],"wp:attachment":[{"href":"https:\/\/agora.xtec.cat\/ceipparealgue\/wp-json\/wp\/v2\/media?parent=4189"}],"wp:term":[{"taxonomy":"category","embeddable":true,"href":"https:\/\/agora.xtec.cat\/ceipparealgue\/wp-json\/wp\/v2\/categories?post=4189"},{"taxonomy":"post_tag","embeddable":true,"href":"https:\/\/agora.xtec.cat\/ceipparealgue\/wp-json\/wp\/v2\/tags?post=4189"}],"curies":[{"name":"wp","href":"https:\/\/api.w.org\/{rel}","templated":true}]}}