{"id":4161,"date":"2022-06-02T12:40:09","date_gmt":"2022-06-02T10:40:09","guid":{"rendered":"https:\/\/agora.xtec.cat\/ceipparealgue\/?p=4161"},"modified":"2024-01-17T10:54:53","modified_gmt":"2024-01-17T09:54:53","slug":"els-grans-ens-movem","status":"publish","type":"post","link":"https:\/\/agora.xtec.cat\/ceipparealgue\/portada\/els-grans-ens-movem\/","title":{"rendered":"Els grans ens movem!"},"content":{"rendered":"<p>Hola a tots i a totes,<\/p>\n<p>L&#8217;alumnat de 5\u00e8 i 6\u00e8 a l&#8217;hora d&#8217;Educaci\u00f3 F\u00edsica han creat unes coreografies molt boniques i s&#8217;ho han passat d&#8217;all\u00f2 m\u00e9s b\u00e9.<\/p>\n<p>A continuaci\u00f3 poder veure-les: <a href=\"https:\/\/photos.app.goo.gl\/pD1xTFQu28inTqBr7\">https:\/\/photos.app.goo.gl\/pD1xTFQu28inTqBr7<\/a><\/p>\n<p><a href=\"https:\/\/agora.xtec.cat\/ceipparealgue\/wp-content\/uploads\/usu157\/2022\/06\/65df5ea0e2673ce3eb08c749ffeec090-scaled.jpg\"><img loading=\"lazy\" decoding=\"async\" class=\"wp-image-4163 alignleft\" src=\"https:\/\/agora.xtec.cat\/ceipparealgue\/wp-content\/uploads\/usu157\/2022\/06\/65df5ea0e2673ce3eb08c749ffeec090-1024x745.jpg\" alt=\"\" width=\"376\" height=\"273\" srcset=\"https:\/\/agora.xtec.cat\/ceipparealgue\/wp-content\/uploads\/usu157\/2022\/06\/65df5ea0e2673ce3eb08c749ffeec090-1024x745.jpg 1024w, https:\/\/agora.xtec.cat\/ceipparealgue\/wp-content\/uploads\/usu157\/2022\/06\/65df5ea0e2673ce3eb08c749ffeec090-300x218.jpg 300w, https:\/\/agora.xtec.cat\/ceipparealgue\/wp-content\/uploads\/usu157\/2022\/06\/65df5ea0e2673ce3eb08c749ffeec090-768x559.jpg 768w, https:\/\/agora.xtec.cat\/ceipparealgue\/wp-content\/uploads\/usu157\/2022\/06\/65df5ea0e2673ce3eb08c749ffeec090-1536x1117.jpg 1536w, https:\/\/agora.xtec.cat\/ceipparealgue\/wp-content\/uploads\/usu157\/2022\/06\/65df5ea0e2673ce3eb08c749ffeec090-2048x1489.jpg 2048w\" sizes=\"auto, (max-width: 376px) 100vw, 376px\" \/><\/a><\/p>\n","protected":false},"excerpt":{"rendered":"<p>Hola a tots i a totes,<br \/>\nL&#8217;alumnat de 5\u00e8 i 6\u00e8 a l&#8217;hora d&#8217;Educaci\u00f3 F\u00edsica han creat unes coreografies molt boniques i s&#8217;ho han passat d&#8217;all\u00f2 m\u00e9s b\u00e9.<br \/>\nA continuaci\u00f3 poder veure-les: <a href=\"https:\/\/photos.app.goo.gl\/pD1xTFQu28inTqBr7\">https:\/\/photos.app.goo.gl\/pD1xTFQu28inTqBr7<\/a><br \/>\n<a href=\"https:\/\/agora.xtec.cat\/ceipparealgue\/wp-content\/uploads\/usu157\/2022\/06\/65df5ea0e2673ce3eb08c749ffeec090-scaled.jpg\"><\/a><\/p>\n","protected":false},"author":54,"featured_media":0,"comment_status":"open","ping_status":"closed","sticky":false,"template":"","format":"standard","meta":{"_bbp_topic_count":0,"_bbp_reply_count":0,"_bbp_total_topic_count":0,"_bbp_total_reply_count":0,"_bbp_voice_count":0,"_bbp_anonymous_reply_count":0,"_bbp_topic_count_hidden":0,"_bbp_reply_count_hidden":0,"_bbp_forum_subforum_count":0,"footnotes":""},"categories":[63,4,5,12],"tags":[],"class_list":["post-4161","post","type-post","status-publish","format-standard","hentry","category-ef","category-portada","category-primaria","category-12"],"post_mailing_queue_ids":[],"_links":{"self":[{"href":"https:\/\/agora.xtec.cat\/ceipparealgue\/wp-json\/wp\/v2\/posts\/4161","targetHints":{"allow":["GET"]}}],"collection":[{"href":"https:\/\/agora.xtec.cat\/ceipparealgue\/wp-json\/wp\/v2\/posts"}],"about":[{"href":"https:\/\/agora.xtec.cat\/ceipparealgue\/wp-json\/wp\/v2\/types\/post"}],"author":[{"embeddable":true,"href":"https:\/\/agora.xtec.cat\/ceipparealgue\/wp-json\/wp\/v2\/users\/54"}],"replies":[{"embeddable":true,"href":"https:\/\/agora.xtec.cat\/ceipparealgue\/wp-json\/wp\/v2\/comments?post=4161"}],"version-history":[{"count":3,"href":"https:\/\/agora.xtec.cat\/ceipparealgue\/wp-json\/wp\/v2\/posts\/4161\/revisions"}],"predecessor-version":[{"id":4199,"href":"https:\/\/agora.xtec.cat\/ceipparealgue\/wp-json\/wp\/v2\/posts\/4161\/revisions\/4199"}],"wp:attachment":[{"href":"https:\/\/agora.xtec.cat\/ceipparealgue\/wp-json\/wp\/v2\/media?parent=4161"}],"wp:term":[{"taxonomy":"category","embeddable":true,"href":"https:\/\/agora.xtec.cat\/ceipparealgue\/wp-json\/wp\/v2\/categories?post=4161"},{"taxonomy":"post_tag","embeddable":true,"href":"https:\/\/agora.xtec.cat\/ceipparealgue\/wp-json\/wp\/v2\/tags?post=4161"}],"curies":[{"name":"wp","href":"https:\/\/api.w.org\/{rel}","templated":true}]}}