{"id":3862,"date":"2022-03-25T10:07:32","date_gmt":"2022-03-25T09:07:32","guid":{"rendered":"https:\/\/agora.xtec.cat\/ceipparealgue\/?p=3862"},"modified":"2022-03-30T14:25:28","modified_gmt":"2022-03-30T12:25:28","slug":"colonies","status":"publish","type":"post","link":"https:\/\/agora.xtec.cat\/ceipparealgue\/general\/colonies\/","title":{"rendered":"COL\u00d2NIES"},"content":{"rendered":"<p><a href=\"https:\/\/photos.app.goo.gl\/gYLAAjKE75Kqs1wVA\"><img loading=\"lazy\" decoding=\"async\" class=\"alignnone size-large wp-image-3868\" src=\"https:\/\/agora.xtec.cat\/ceipparealgue\/wp-content\/uploads\/usu157\/2022\/03\/COLO-1024x726.jpg\" alt=\"\" width=\"1024\" height=\"726\" srcset=\"https:\/\/agora.xtec.cat\/ceipparealgue\/wp-content\/uploads\/usu157\/2022\/03\/COLO-1024x726.jpg 1024w, https:\/\/agora.xtec.cat\/ceipparealgue\/wp-content\/uploads\/usu157\/2022\/03\/COLO-300x213.jpg 300w, https:\/\/agora.xtec.cat\/ceipparealgue\/wp-content\/uploads\/usu157\/2022\/03\/COLO-768x545.jpg 768w, https:\/\/agora.xtec.cat\/ceipparealgue\/wp-content\/uploads\/usu157\/2022\/03\/COLO-1536x1090.jpg 1536w, https:\/\/agora.xtec.cat\/ceipparealgue\/wp-content\/uploads\/usu157\/2022\/03\/COLO.jpg 1748w\" sizes=\"auto, (max-width: 1024px) 100vw, 1024px\" \/><\/a><\/p>\n<p>Hola Fam\u00edlies,<\/p>\n<p>Els nens i nenes de l&#8217;escola ja hem tornat de les col\u00f2nies i ha sigut una experi\u00e8ncia genial! Ens ho hem passat s\u00faper b\u00e9 a la casa de col\u00f2nies Artur Martorell de Calafell.<\/p>\n<p>Gr\u00e0cies al Rei Nept\u00fa i al Pirata Tim hem passat molt bones estones i hem gaudit dels reptes que ens han proposat.<\/p>\n<p>Cliqueu sobre la imatge per veure el recull fotogr\u00e0fic d&#8217;aquests dies.<\/p>\n","protected":false},"excerpt":{"rendered":"<p><a href=\"https:\/\/photos.app.goo.gl\/gYLAAjKE75Kqs1wVA\"><\/a><br \/>\nHola Fam\u00edlies,<br \/>\nEls nens i nenes de l&#8217;escola ja hem tornat de les col\u00f2nies i ha sigut una experi\u00e8ncia genial! Ens ho hem passat s\u00faper b\u00e9 a la casa de col\u00f2nies Artur Martorell de Calafell.<br \/>\nGr\u00e0cies al Rei Nept\u00fa i al Pirata Tim hem passat molt&hellip;  <a href=\"https:\/\/agora.xtec.cat\/ceipparealgue\/general\/colonies\/\" title=\"Read COL\u00d2NIES\">Llegeix m\u00e9s\u00bb<\/a><\/p>\n","protected":false},"author":1,"featured_media":0,"comment_status":"open","ping_status":"closed","sticky":false,"template":"","format":"standard","meta":{"_bbp_topic_count":0,"_bbp_reply_count":0,"_bbp_total_topic_count":0,"_bbp_total_reply_count":0,"_bbp_voice_count":0,"_bbp_anonymous_reply_count":0,"_bbp_topic_count_hidden":0,"_bbp_reply_count_hidden":0,"_bbp_forum_subforum_count":0,"footnotes":""},"categories":[1,2,4,5,12,11,10,9,8,3,66,68],"tags":[],"class_list":["post-3862","post","type-post","status-publish","format-standard","hentry","category-general","category-infantil","category-portada","category-primaria","category-12","category-11","category-10","category-9","category-8","category-3","category-66","category-68"],"post_mailing_queue_ids":[],"_links":{"self":[{"href":"https:\/\/agora.xtec.cat\/ceipparealgue\/wp-json\/wp\/v2\/posts\/3862","targetHints":{"allow":["GET"]}}],"collection":[{"href":"https:\/\/agora.xtec.cat\/ceipparealgue\/wp-json\/wp\/v2\/posts"}],"about":[{"href":"https:\/\/agora.xtec.cat\/ceipparealgue\/wp-json\/wp\/v2\/types\/post"}],"author":[{"embeddable":true,"href":"https:\/\/agora.xtec.cat\/ceipparealgue\/wp-json\/wp\/v2\/users\/1"}],"replies":[{"embeddable":true,"href":"https:\/\/agora.xtec.cat\/ceipparealgue\/wp-json\/wp\/v2\/comments?post=3862"}],"version-history":[{"count":3,"href":"https:\/\/agora.xtec.cat\/ceipparealgue\/wp-json\/wp\/v2\/posts\/3862\/revisions"}],"predecessor-version":[{"id":3870,"href":"https:\/\/agora.xtec.cat\/ceipparealgue\/wp-json\/wp\/v2\/posts\/3862\/revisions\/3870"}],"wp:attachment":[{"href":"https:\/\/agora.xtec.cat\/ceipparealgue\/wp-json\/wp\/v2\/media?parent=3862"}],"wp:term":[{"taxonomy":"category","embeddable":true,"href":"https:\/\/agora.xtec.cat\/ceipparealgue\/wp-json\/wp\/v2\/categories?post=3862"},{"taxonomy":"post_tag","embeddable":true,"href":"https:\/\/agora.xtec.cat\/ceipparealgue\/wp-json\/wp\/v2\/tags?post=3862"}],"curies":[{"name":"wp","href":"https:\/\/api.w.org\/{rel}","templated":true}]}}