{"id":3859,"date":"2022-03-24T13:55:04","date_gmt":"2022-03-24T12:55:04","guid":{"rendered":"https:\/\/agora.xtec.cat\/ceipparealgue\/?p=3859"},"modified":"2022-03-24T13:55:04","modified_gmt":"2022-03-24T12:55:04","slug":"concert-grup-de-saxos-al-conservatori-de-musica","status":"publish","type":"post","link":"https:\/\/agora.xtec.cat\/ceipparealgue\/general\/concert-grup-de-saxos-al-conservatori-de-musica\/","title":{"rendered":"CONCERT GRUP DE SAXOS AL CONSERVATORI DE M\u00daSICA"},"content":{"rendered":"<p>Ahir, 23 de mar\u00e7, l&#8217;alumnat de 3r, 4t, 5\u00e8 i 6\u00e8 vam anar a l&#8217;auditori del Conservatori de M\u00fasica de Manresa. Vam gaudir d&#8217;un concert realitzat pel Grup de Saxos. L&#8217;Alba i tots els components del grup ens van explicar moltes coses interessants sobre els saxos i ens van oferir un concert xul\u00edssim! Moltes gr\u00e0cies! Ens ho vam passar genial!<\/p>\n<p><a href=\"https:\/\/agora.xtec.cat\/ceipparealgue\/wp-content\/uploads\/usu157\/2022\/03\/grup-de-saxos-conservatori.jpg\"><img loading=\"lazy\" decoding=\"async\" class=\"alignnone size-large wp-image-3860\" src=\"https:\/\/agora.xtec.cat\/ceipparealgue\/wp-content\/uploads\/usu157\/2022\/03\/grup-de-saxos-conservatori-1024x768.jpg\" alt=\"\" width=\"1024\" height=\"768\" srcset=\"https:\/\/agora.xtec.cat\/ceipparealgue\/wp-content\/uploads\/usu157\/2022\/03\/grup-de-saxos-conservatori-1024x768.jpg 1024w, https:\/\/agora.xtec.cat\/ceipparealgue\/wp-content\/uploads\/usu157\/2022\/03\/grup-de-saxos-conservatori-300x225.jpg 300w, https:\/\/agora.xtec.cat\/ceipparealgue\/wp-content\/uploads\/usu157\/2022\/03\/grup-de-saxos-conservatori-768x576.jpg 768w, https:\/\/agora.xtec.cat\/ceipparealgue\/wp-content\/uploads\/usu157\/2022\/03\/grup-de-saxos-conservatori-1536x1152.jpg 1536w, https:\/\/agora.xtec.cat\/ceipparealgue\/wp-content\/uploads\/usu157\/2022\/03\/grup-de-saxos-conservatori-200x150.jpg 200w, https:\/\/agora.xtec.cat\/ceipparealgue\/wp-content\/uploads\/usu157\/2022\/03\/grup-de-saxos-conservatori.jpg 2016w\" sizes=\"auto, (max-width: 1024px) 100vw, 1024px\" \/><\/a>.<\/p>\n","protected":false},"excerpt":{"rendered":"<p>Ahir, 23 de mar\u00e7, l&#8217;alumnat de 3r, 4t, 5\u00e8 i 6\u00e8 vam anar a l&#8217;auditori del Conservatori de M\u00fasica de Manresa. Vam gaudir d&#8217;un concert realitzat pel Grup de Saxos. L&#8217;Alba i tots els components del grup ens van explicar moltes coses interessants sobre els&hellip;  <a href=\"https:\/\/agora.xtec.cat\/ceipparealgue\/general\/concert-grup-de-saxos-al-conservatori-de-musica\/\" title=\"Read CONCERT GRUP DE SAXOS AL CONSERVATORI DE M\u00daSICA\">Llegeix m\u00e9s\u00bb<\/a><\/p>\n","protected":false},"author":1,"featured_media":0,"comment_status":"closed","ping_status":"closed","sticky":false,"template":"","format":"standard","meta":{"_bbp_topic_count":0,"_bbp_reply_count":0,"_bbp_total_topic_count":0,"_bbp_total_reply_count":0,"_bbp_voice_count":0,"_bbp_anonymous_reply_count":0,"_bbp_topic_count_hidden":0,"_bbp_reply_count_hidden":0,"_bbp_forum_subforum_count":0,"footnotes":""},"categories":[1,4,5,12,11,10,9],"tags":[],"class_list":["post-3859","post","type-post","status-publish","format-standard","hentry","category-general","category-portada","category-primaria","category-12","category-11","category-10","category-9"],"post_mailing_queue_ids":[],"_links":{"self":[{"href":"https:\/\/agora.xtec.cat\/ceipparealgue\/wp-json\/wp\/v2\/posts\/3859","targetHints":{"allow":["GET"]}}],"collection":[{"href":"https:\/\/agora.xtec.cat\/ceipparealgue\/wp-json\/wp\/v2\/posts"}],"about":[{"href":"https:\/\/agora.xtec.cat\/ceipparealgue\/wp-json\/wp\/v2\/types\/post"}],"author":[{"embeddable":true,"href":"https:\/\/agora.xtec.cat\/ceipparealgue\/wp-json\/wp\/v2\/users\/1"}],"replies":[{"embeddable":true,"href":"https:\/\/agora.xtec.cat\/ceipparealgue\/wp-json\/wp\/v2\/comments?post=3859"}],"version-history":[{"count":1,"href":"https:\/\/agora.xtec.cat\/ceipparealgue\/wp-json\/wp\/v2\/posts\/3859\/revisions"}],"predecessor-version":[{"id":3861,"href":"https:\/\/agora.xtec.cat\/ceipparealgue\/wp-json\/wp\/v2\/posts\/3859\/revisions\/3861"}],"wp:attachment":[{"href":"https:\/\/agora.xtec.cat\/ceipparealgue\/wp-json\/wp\/v2\/media?parent=3859"}],"wp:term":[{"taxonomy":"category","embeddable":true,"href":"https:\/\/agora.xtec.cat\/ceipparealgue\/wp-json\/wp\/v2\/categories?post=3859"},{"taxonomy":"post_tag","embeddable":true,"href":"https:\/\/agora.xtec.cat\/ceipparealgue\/wp-json\/wp\/v2\/tags?post=3859"}],"curies":[{"name":"wp","href":"https:\/\/api.w.org\/{rel}","templated":true}]}}