{"id":3714,"date":"2021-12-26T18:23:49","date_gmt":"2021-12-26T17:23:49","guid":{"rendered":"https:\/\/agora.xtec.cat\/ceipparealgue\/?p=3714"},"modified":"2022-02-04T10:30:31","modified_gmt":"2022-02-04T09:30:31","slug":"nadal-a-lescola","status":"publish","type":"post","link":"https:\/\/agora.xtec.cat\/ceipparealgue\/infantil\/nadal-a-lescola\/","title":{"rendered":"Nadal a l&#8217;escola!"},"content":{"rendered":"<p><a href=\"https:\/\/agora.xtec.cat\/ceipparealgue\/wp-content\/uploads\/usu157\/2021\/12\/NADAL-A-LESCOLA.jpg\"><img loading=\"lazy\" decoding=\"async\" class=\"alignnone size-large wp-image-3720\" src=\"https:\/\/agora.xtec.cat\/ceipparealgue\/wp-content\/uploads\/usu157\/2021\/12\/NADAL-A-LESCOLA-1024x585.jpg\" alt=\"\" width=\"1024\" height=\"585\" srcset=\"https:\/\/agora.xtec.cat\/ceipparealgue\/wp-content\/uploads\/usu157\/2021\/12\/NADAL-A-LESCOLA-1024x585.jpg 1024w, https:\/\/agora.xtec.cat\/ceipparealgue\/wp-content\/uploads\/usu157\/2021\/12\/NADAL-A-LESCOLA-300x171.jpg 300w, https:\/\/agora.xtec.cat\/ceipparealgue\/wp-content\/uploads\/usu157\/2021\/12\/NADAL-A-LESCOLA-768x439.jpg 768w, https:\/\/agora.xtec.cat\/ceipparealgue\/wp-content\/uploads\/usu157\/2021\/12\/NADAL-A-LESCOLA.jpg 1050w\" sizes=\"auto, (max-width: 1024px) 100vw, 1024px\" \/><\/a><\/p>\n<p>Hola fam\u00edlies,<br \/>\nels nens i nenes i l&#8217;equip de mestres de l&#8217;escola Pare Algu\u00e9 hem volgut donar la benvinguda al Nadal amb un concert obert a les fam\u00edlies de l&#8217;escola, on cada curs ha cantat una nadala.<br \/>\nSi cliqueu al seg\u00fcent enlla\u00e7 podeu veure el v\u00eddeo.<br \/>\n<a href=\"https:\/\/photos.app.goo.gl\/oA4wKzXDWfm7nmW98\">https:\/\/photos.app.goo.gl\/oA4wKzXDWfm7nmW98<\/a><\/p>\n<p>Hem celebrat l&#8217;arribada del Pare Nadal, que venia carregat de regals per la classe. Tamb\u00e9 hem cagat el ti\u00f3 i hem fet l&#8217;amic invisible. Tot ha sigut genial!<br \/>\nA continuaci\u00f3 us deixem un recull de fotografies.<br \/>\n<a href=\"https:\/\/photos.app.goo.gl\/V82LYvujEGpG31MW9\">https:\/\/photos.app.goo.gl\/V82LYvujEGpG31MW9<\/a><\/p>\n","protected":false},"excerpt":{"rendered":"<p><a href=\"https:\/\/agora.xtec.cat\/ceipparealgue\/wp-content\/uploads\/usu157\/2021\/12\/NADAL-A-LESCOLA.jpg\"><\/a><br \/>\nHola fam\u00edlies,<br \/>\nels nens i nenes i l&#8217;equip de mestres de l&#8217;escola Pare Algu\u00e9 hem volgut donar la benvinguda al Nadal amb un concert obert a les fam\u00edlies de l&#8217;escola, on cada curs ha cantat una nadala.<br \/>\nSi cliqueu al seg\u00fcent enlla\u00e7 podeu veure el v\u00eddeo.<br \/>\n<a&hellip;  <a href=\"https:\/\/agora.xtec.cat\/ceipparealgue\/infantil\/nadal-a-lescola\/\" title=\"Read Nadal a l&#8217;escola!\">Llegeix m\u00e9s\u00bb<\/a><\/p>\n","protected":false},"author":1,"featured_media":0,"comment_status":"open","ping_status":"closed","sticky":false,"template":"","format":"standard","meta":{"_bbp_topic_count":0,"_bbp_reply_count":0,"_bbp_total_topic_count":0,"_bbp_total_reply_count":0,"_bbp_voice_count":0,"_bbp_anonymous_reply_count":0,"_bbp_topic_count_hidden":0,"_bbp_reply_count_hidden":0,"_bbp_forum_subforum_count":0,"footnotes":""},"categories":[2,4,5,12,11,10,9,8,3,66,68],"tags":[],"class_list":["post-3714","post","type-post","status-publish","format-standard","hentry","category-infantil","category-portada","category-primaria","category-12","category-11","category-10","category-9","category-8","category-3","category-66","category-68"],"post_mailing_queue_ids":[],"_links":{"self":[{"href":"https:\/\/agora.xtec.cat\/ceipparealgue\/wp-json\/wp\/v2\/posts\/3714","targetHints":{"allow":["GET"]}}],"collection":[{"href":"https:\/\/agora.xtec.cat\/ceipparealgue\/wp-json\/wp\/v2\/posts"}],"about":[{"href":"https:\/\/agora.xtec.cat\/ceipparealgue\/wp-json\/wp\/v2\/types\/post"}],"author":[{"embeddable":true,"href":"https:\/\/agora.xtec.cat\/ceipparealgue\/wp-json\/wp\/v2\/users\/1"}],"replies":[{"embeddable":true,"href":"https:\/\/agora.xtec.cat\/ceipparealgue\/wp-json\/wp\/v2\/comments?post=3714"}],"version-history":[{"count":4,"href":"https:\/\/agora.xtec.cat\/ceipparealgue\/wp-json\/wp\/v2\/posts\/3714\/revisions"}],"predecessor-version":[{"id":3749,"href":"https:\/\/agora.xtec.cat\/ceipparealgue\/wp-json\/wp\/v2\/posts\/3714\/revisions\/3749"}],"wp:attachment":[{"href":"https:\/\/agora.xtec.cat\/ceipparealgue\/wp-json\/wp\/v2\/media?parent=3714"}],"wp:term":[{"taxonomy":"category","embeddable":true,"href":"https:\/\/agora.xtec.cat\/ceipparealgue\/wp-json\/wp\/v2\/categories?post=3714"},{"taxonomy":"post_tag","embeddable":true,"href":"https:\/\/agora.xtec.cat\/ceipparealgue\/wp-json\/wp\/v2\/tags?post=3714"}],"curies":[{"name":"wp","href":"https:\/\/api.w.org\/{rel}","templated":true}]}}