{"id":3586,"date":"2021-10-26T12:54:39","date_gmt":"2021-10-26T10:54:39","guid":{"rendered":"https:\/\/agora.xtec.cat\/ceipparealgue\/?p=3586"},"modified":"2021-10-26T12:55:21","modified_gmt":"2021-10-26T10:55:21","slug":"festa-de-la-castanyada","status":"publish","type":"post","link":"https:\/\/agora.xtec.cat\/ceipparealgue\/general\/festa-de-la-castanyada\/","title":{"rendered":"FESTA DE LA CASTANYADA"},"content":{"rendered":"<p><strong>HOLA FAM\u00cdLIES,<\/strong><\/p>\n<p>Aquest divendres 29 d\u2019octubre celebrarem la festa de la castanyada a l\u2019escola, amb tots els nens i nenes. Sortirem al pati a menjar castanyes, cada grup amb la seva rotllana i despr\u00e9s ballarem. Tot aix\u00f2 ho farem al mat\u00ed al pati de l\u2019escola.<\/p>\n<p>Aquest any a l\u2019escola tenim \u201cLA CASTANYERA\u201d, estem molt contents i agra\u00efts amb les mares que han fet possible que tinguem aquest personatge entre nosaltres. Gr\u00e0cies tamb\u00e9 per col\u00b7laborar en la preparaci\u00f3 de les castanyes.<\/p>\n<p>Aqu\u00ed podeu veure la Castanyera, al rac\u00f3 de tardor de l\u2019escola:<\/p>\n<p><a href=\"https:\/\/agora.xtec.cat\/ceipparealgue\/wp-content\/uploads\/usu157\/2021\/10\/unnamed-scaled.jpg\"><img loading=\"lazy\" decoding=\"async\" class=\"alignnone size-large wp-image-3590\" src=\"https:\/\/agora.xtec.cat\/ceipparealgue\/wp-content\/uploads\/usu157\/2021\/10\/unnamed-1024x768.jpg\" alt=\"\" width=\"1024\" height=\"768\" srcset=\"https:\/\/agora.xtec.cat\/ceipparealgue\/wp-content\/uploads\/usu157\/2021\/10\/unnamed-1024x768.jpg 1024w, https:\/\/agora.xtec.cat\/ceipparealgue\/wp-content\/uploads\/usu157\/2021\/10\/unnamed-300x225.jpg 300w, https:\/\/agora.xtec.cat\/ceipparealgue\/wp-content\/uploads\/usu157\/2021\/10\/unnamed-768x576.jpg 768w, https:\/\/agora.xtec.cat\/ceipparealgue\/wp-content\/uploads\/usu157\/2021\/10\/unnamed-1536x1152.jpg 1536w, https:\/\/agora.xtec.cat\/ceipparealgue\/wp-content\/uploads\/usu157\/2021\/10\/unnamed-2048x1536.jpg 2048w, https:\/\/agora.xtec.cat\/ceipparealgue\/wp-content\/uploads\/usu157\/2021\/10\/unnamed-200x150.jpg 200w\" sizes=\"auto, (max-width: 1024px) 100vw, 1024px\" \/><\/a><\/p>\n<h2 style=\"text-align: center\"><strong>BONA CASTANYADA A TOTS I TOTES!<\/strong><\/h2>\n","protected":false},"excerpt":{"rendered":"<p>HOLA FAM\u00cdLIES,<br \/>\nAquest divendres 29 d\u2019octubre celebrarem la festa de la castanyada a l\u2019escola, amb tots els nens i nenes. Sortirem al pati a menjar castanyes, cada grup amb la seva rotllana i despr\u00e9s ballarem. Tot aix\u00f2 ho farem al mat\u00ed al pati de l\u2019escola.<br \/>\nAquest any&hellip;  <a href=\"https:\/\/agora.xtec.cat\/ceipparealgue\/general\/festa-de-la-castanyada\/\" title=\"Read FESTA DE LA CASTANYADA\">Llegeix m\u00e9s\u00bb<\/a><\/p>\n","protected":false},"author":49,"featured_media":3590,"comment_status":"open","ping_status":"closed","sticky":false,"template":"","format":"standard","meta":{"_bbp_topic_count":0,"_bbp_reply_count":0,"_bbp_total_topic_count":0,"_bbp_total_reply_count":0,"_bbp_voice_count":0,"_bbp_anonymous_reply_count":0,"_bbp_topic_count_hidden":0,"_bbp_reply_count_hidden":0,"_bbp_forum_subforum_count":0,"footnotes":""},"categories":[1,4],"tags":[],"class_list":["post-3586","post","type-post","status-publish","format-standard","has-post-thumbnail","hentry","category-general","category-portada"],"post_mailing_queue_ids":[],"_links":{"self":[{"href":"https:\/\/agora.xtec.cat\/ceipparealgue\/wp-json\/wp\/v2\/posts\/3586","targetHints":{"allow":["GET"]}}],"collection":[{"href":"https:\/\/agora.xtec.cat\/ceipparealgue\/wp-json\/wp\/v2\/posts"}],"about":[{"href":"https:\/\/agora.xtec.cat\/ceipparealgue\/wp-json\/wp\/v2\/types\/post"}],"author":[{"embeddable":true,"href":"https:\/\/agora.xtec.cat\/ceipparealgue\/wp-json\/wp\/v2\/users\/49"}],"replies":[{"embeddable":true,"href":"https:\/\/agora.xtec.cat\/ceipparealgue\/wp-json\/wp\/v2\/comments?post=3586"}],"version-history":[{"count":1,"href":"https:\/\/agora.xtec.cat\/ceipparealgue\/wp-json\/wp\/v2\/posts\/3586\/revisions"}],"predecessor-version":[{"id":3591,"href":"https:\/\/agora.xtec.cat\/ceipparealgue\/wp-json\/wp\/v2\/posts\/3586\/revisions\/3591"}],"wp:featuredmedia":[{"embeddable":true,"href":"https:\/\/agora.xtec.cat\/ceipparealgue\/wp-json\/wp\/v2\/media\/3590"}],"wp:attachment":[{"href":"https:\/\/agora.xtec.cat\/ceipparealgue\/wp-json\/wp\/v2\/media?parent=3586"}],"wp:term":[{"taxonomy":"category","embeddable":true,"href":"https:\/\/agora.xtec.cat\/ceipparealgue\/wp-json\/wp\/v2\/categories?post=3586"},{"taxonomy":"post_tag","embeddable":true,"href":"https:\/\/agora.xtec.cat\/ceipparealgue\/wp-json\/wp\/v2\/tags?post=3586"}],"curies":[{"name":"wp","href":"https:\/\/api.w.org\/{rel}","templated":true}]}}