{"id":3566,"date":"2021-10-23T21:55:03","date_gmt":"2021-10-23T19:55:03","guid":{"rendered":"https:\/\/agora.xtec.cat\/ceipparealgue\/?p=3566"},"modified":"2024-01-17T10:15:37","modified_gmt":"2024-01-17T09:15:37","slug":"la-culla","status":"publish","type":"post","link":"https:\/\/agora.xtec.cat\/ceipparealgue\/portada\/la-culla\/","title":{"rendered":"ELS DE 3r ANEM A LA CULLA"},"content":{"rendered":"<p>Hola fam\u00edlies!!<\/p>\n<p>Fa uns dies vam anar a visitar la culla, una de les masies m\u00e9s antigues de Manresa. All\u00e0 vam poder veure en directe una vinya, les tines de la masia, el celler, tastar el most i un munt de coses m\u00e9s.<\/p>\n<p><a href=\"https:\/\/photos.app.goo.gl\/izbD4rtrr1Xbiqyk6\">https:\/\/Per veure les fotos cliqueu aqu\u00ed!!<\/a><\/p>\n","protected":false},"excerpt":{"rendered":"<p>Hola fam\u00edlies!!<br \/>\nFa uns dies vam anar a visitar la culla, una de les masies m\u00e9s antigues de Manresa. All\u00e0 vam poder veure en directe una vinya, les tines de la masia, el celler, tastar el most i un munt de coses m\u00e9s.<br \/>\n<a href=\"https:\/\/photos.app.goo.gl\/izbD4rtrr1Xbiqyk6\">https:\/\/Per veure les&hellip;  <a href=\"https:\/\/agora.xtec.cat\/ceipparealgue\/portada\/la-culla\/\" title=\"Read ELS DE 3r ANEM A LA CULLA\">Llegeix m\u00e9s\u00bb<\/a><\/p>\n","protected":false},"author":51,"featured_media":0,"comment_status":"closed","ping_status":"closed","sticky":false,"template":"","format":"standard","meta":{"_bbp_topic_count":0,"_bbp_reply_count":0,"_bbp_total_topic_count":0,"_bbp_total_reply_count":0,"_bbp_voice_count":0,"_bbp_anonymous_reply_count":0,"_bbp_topic_count_hidden":0,"_bbp_reply_count_hidden":0,"_bbp_forum_subforum_count":0,"footnotes":""},"categories":[4,5,10],"tags":[],"class_list":["post-3566","post","type-post","status-publish","format-standard","hentry","category-portada","category-primaria","category-10"],"post_mailing_queue_ids":[],"_links":{"self":[{"href":"https:\/\/agora.xtec.cat\/ceipparealgue\/wp-json\/wp\/v2\/posts\/3566","targetHints":{"allow":["GET"]}}],"collection":[{"href":"https:\/\/agora.xtec.cat\/ceipparealgue\/wp-json\/wp\/v2\/posts"}],"about":[{"href":"https:\/\/agora.xtec.cat\/ceipparealgue\/wp-json\/wp\/v2\/types\/post"}],"author":[{"embeddable":true,"href":"https:\/\/agora.xtec.cat\/ceipparealgue\/wp-json\/wp\/v2\/users\/51"}],"replies":[{"embeddable":true,"href":"https:\/\/agora.xtec.cat\/ceipparealgue\/wp-json\/wp\/v2\/comments?post=3566"}],"version-history":[{"count":2,"href":"https:\/\/agora.xtec.cat\/ceipparealgue\/wp-json\/wp\/v2\/posts\/3566\/revisions"}],"predecessor-version":[{"id":3570,"href":"https:\/\/agora.xtec.cat\/ceipparealgue\/wp-json\/wp\/v2\/posts\/3566\/revisions\/3570"}],"wp:attachment":[{"href":"https:\/\/agora.xtec.cat\/ceipparealgue\/wp-json\/wp\/v2\/media?parent=3566"}],"wp:term":[{"taxonomy":"category","embeddable":true,"href":"https:\/\/agora.xtec.cat\/ceipparealgue\/wp-json\/wp\/v2\/categories?post=3566"},{"taxonomy":"post_tag","embeddable":true,"href":"https:\/\/agora.xtec.cat\/ceipparealgue\/wp-json\/wp\/v2\/tags?post=3566"}],"curies":[{"name":"wp","href":"https:\/\/api.w.org\/{rel}","templated":true}]}}