{"id":3564,"date":"2021-10-23T21:33:21","date_gmt":"2021-10-23T19:33:21","guid":{"rendered":"https:\/\/agora.xtec.cat\/ceipparealgue\/?p=3564"},"modified":"2021-10-23T21:33:21","modified_gmt":"2021-10-23T19:33:21","slug":"6e-a-som-els-sana-mons","status":"publish","type":"post","link":"https:\/\/agora.xtec.cat\/ceipparealgue\/portada\/6e-a-som-els-sana-mons\/","title":{"rendered":"6\u00e8 A som els sana-mons!"},"content":{"rendered":"<p>Durant aquest curs, a l&#8217;escola ens endinsarem en la tem\u00e0tica de la sostenibilitat, per ser conscients de la import\u00e0ncia que recau en tenir cura del nostre m\u00f3n i saber com ho podem fer. Nosaltres hem triat anomenar-nos <em>Els sana-mons\u00a0<\/em>i, com a bons doctors i doctores de la Terra, hem creat uns esl\u00f2gans sobre accions sostenibles que poden ajudar a cuidar el m\u00f3n i poder conscienciar a tots els companys i companyes sobre la import\u00e0ncia d&#8217;aquest fet. Per aix\u00f2, els hem penjat pel pati de l&#8217;escola, aix\u00ed tothom els podr\u00e0 veure! Esperem que us agradin molt a tots i a totes!<\/p>\n<p><a href=\"https:\/\/photos.app.goo.gl\/EjHELNxhcrdzw2kD6\">Imatges esl\u00f2gans sostenibilitat<\/a><\/p>\n","protected":false},"excerpt":{"rendered":"<p>Durant aquest curs, a l&#8217;escola ens endinsarem en la tem\u00e0tica de la sostenibilitat, per ser conscients de la import\u00e0ncia que recau en tenir cura del nostre m\u00f3n i saber com ho podem fer. Nosaltres hem triat anomenar-nos Els sana-mons\u00a0i, com a bons doctors i doctores&hellip;  <a href=\"https:\/\/agora.xtec.cat\/ceipparealgue\/portada\/6e-a-som-els-sana-mons\/\" title=\"Read 6\u00e8 A som els sana-mons!\">Llegeix m\u00e9s\u00bb<\/a><\/p>\n","protected":false},"author":52,"featured_media":0,"comment_status":"open","ping_status":"closed","sticky":false,"template":"","format":"standard","meta":{"_bbp_topic_count":0,"_bbp_reply_count":0,"_bbp_total_topic_count":0,"_bbp_total_reply_count":0,"_bbp_voice_count":0,"_bbp_anonymous_reply_count":0,"_bbp_topic_count_hidden":0,"_bbp_reply_count_hidden":0,"_bbp_forum_subforum_count":0,"footnotes":""},"categories":[4,12],"tags":[],"class_list":["post-3564","post","type-post","status-publish","format-standard","hentry","category-portada","category-12"],"post_mailing_queue_ids":[],"_links":{"self":[{"href":"https:\/\/agora.xtec.cat\/ceipparealgue\/wp-json\/wp\/v2\/posts\/3564","targetHints":{"allow":["GET"]}}],"collection":[{"href":"https:\/\/agora.xtec.cat\/ceipparealgue\/wp-json\/wp\/v2\/posts"}],"about":[{"href":"https:\/\/agora.xtec.cat\/ceipparealgue\/wp-json\/wp\/v2\/types\/post"}],"author":[{"embeddable":true,"href":"https:\/\/agora.xtec.cat\/ceipparealgue\/wp-json\/wp\/v2\/users\/52"}],"replies":[{"embeddable":true,"href":"https:\/\/agora.xtec.cat\/ceipparealgue\/wp-json\/wp\/v2\/comments?post=3564"}],"version-history":[{"count":1,"href":"https:\/\/agora.xtec.cat\/ceipparealgue\/wp-json\/wp\/v2\/posts\/3564\/revisions"}],"predecessor-version":[{"id":3565,"href":"https:\/\/agora.xtec.cat\/ceipparealgue\/wp-json\/wp\/v2\/posts\/3564\/revisions\/3565"}],"wp:attachment":[{"href":"https:\/\/agora.xtec.cat\/ceipparealgue\/wp-json\/wp\/v2\/media?parent=3564"}],"wp:term":[{"taxonomy":"category","embeddable":true,"href":"https:\/\/agora.xtec.cat\/ceipparealgue\/wp-json\/wp\/v2\/categories?post=3564"},{"taxonomy":"post_tag","embeddable":true,"href":"https:\/\/agora.xtec.cat\/ceipparealgue\/wp-json\/wp\/v2\/tags?post=3564"}],"curies":[{"name":"wp","href":"https:\/\/api.w.org\/{rel}","templated":true}]}}