{"id":3560,"date":"2021-10-23T21:20:29","date_gmt":"2021-10-23T19:20:29","guid":{"rendered":"https:\/\/agora.xtec.cat\/ceipparealgue\/?p=3560"},"modified":"2021-10-23T21:20:29","modified_gmt":"2021-10-23T19:20:29","slug":"la-vida-en-una-gota-daigua","status":"publish","type":"post","link":"https:\/\/agora.xtec.cat\/ceipparealgue\/portada\/la-vida-en-una-gota-daigua\/","title":{"rendered":"La vida en una gota d&#8217;aigua"},"content":{"rendered":"<p>El passat divendres, els alumnes de sis\u00e8 vam visitar el Parc de la S\u00e9quia a Can Font de Manresa i vam fer un taller molt interessant! S&#8217;anomena <em>La vida en una gota d&#8217;aigua<\/em> i \u00e9s ben b\u00e9 el que diu el t\u00edtol! Nosaltres mateixos vam descobrir que en una gota d&#8217;aigua hi poden viure molts \u00e9ssers vius. Els vam poder veure amb una lupa binocular i classificar. Va ser molt divertit i vam aprendre molt\u00edssim!<\/p>\n<p><a href=\"https:\/\/photos.app.goo.gl\/8s7CkHnkJLqwjb6z8\">La vida en una gota d&#8217;aigua<\/a><\/p>\n","protected":false},"excerpt":{"rendered":"<p>El passat divendres, els alumnes de sis\u00e8 vam visitar el Parc de la S\u00e9quia a Can Font de Manresa i vam fer un taller molt interessant! S&#8217;anomena La vida en una gota d&#8217;aigua i \u00e9s ben b\u00e9 el que diu el t\u00edtol! Nosaltres mateixos vam&hellip;  <a href=\"https:\/\/agora.xtec.cat\/ceipparealgue\/portada\/la-vida-en-una-gota-daigua\/\" title=\"Read La vida en una gota d&#8217;aigua\">Llegeix m\u00e9s\u00bb<\/a><\/p>\n","protected":false},"author":52,"featured_media":0,"comment_status":"open","ping_status":"closed","sticky":false,"template":"","format":"standard","meta":{"_bbp_topic_count":0,"_bbp_reply_count":0,"_bbp_total_topic_count":0,"_bbp_total_reply_count":0,"_bbp_voice_count":0,"_bbp_anonymous_reply_count":0,"_bbp_topic_count_hidden":0,"_bbp_reply_count_hidden":0,"_bbp_forum_subforum_count":0,"footnotes":""},"categories":[4,12],"tags":[],"class_list":["post-3560","post","type-post","status-publish","format-standard","hentry","category-portada","category-12"],"post_mailing_queue_ids":[],"_links":{"self":[{"href":"https:\/\/agora.xtec.cat\/ceipparealgue\/wp-json\/wp\/v2\/posts\/3560","targetHints":{"allow":["GET"]}}],"collection":[{"href":"https:\/\/agora.xtec.cat\/ceipparealgue\/wp-json\/wp\/v2\/posts"}],"about":[{"href":"https:\/\/agora.xtec.cat\/ceipparealgue\/wp-json\/wp\/v2\/types\/post"}],"author":[{"embeddable":true,"href":"https:\/\/agora.xtec.cat\/ceipparealgue\/wp-json\/wp\/v2\/users\/52"}],"replies":[{"embeddable":true,"href":"https:\/\/agora.xtec.cat\/ceipparealgue\/wp-json\/wp\/v2\/comments?post=3560"}],"version-history":[{"count":1,"href":"https:\/\/agora.xtec.cat\/ceipparealgue\/wp-json\/wp\/v2\/posts\/3560\/revisions"}],"predecessor-version":[{"id":3561,"href":"https:\/\/agora.xtec.cat\/ceipparealgue\/wp-json\/wp\/v2\/posts\/3560\/revisions\/3561"}],"wp:attachment":[{"href":"https:\/\/agora.xtec.cat\/ceipparealgue\/wp-json\/wp\/v2\/media?parent=3560"}],"wp:term":[{"taxonomy":"category","embeddable":true,"href":"https:\/\/agora.xtec.cat\/ceipparealgue\/wp-json\/wp\/v2\/categories?post=3560"},{"taxonomy":"post_tag","embeddable":true,"href":"https:\/\/agora.xtec.cat\/ceipparealgue\/wp-json\/wp\/v2\/tags?post=3560"}],"curies":[{"name":"wp","href":"https:\/\/api.w.org\/{rel}","templated":true}]}}