{"id":3470,"date":"2021-06-29T12:44:07","date_gmt":"2021-06-29T10:44:07","guid":{"rendered":"https:\/\/agora.xtec.cat\/ceipparealgue\/?p=3470"},"modified":"2021-06-29T12:44:07","modified_gmt":"2021-06-29T10:44:07","slug":"festa-de-laigua-a-cicle-inicial","status":"publish","type":"post","link":"https:\/\/agora.xtec.cat\/ceipparealgue\/portada\/festa-de-laigua-a-cicle-inicial\/","title":{"rendered":"FESTA DE L&#8217;AIGUA A CICLE INICIAL"},"content":{"rendered":"<p>L&#8217;\u00faltim dia d&#8217;escola, com ja es tradici\u00f3, vam fer la festa de l&#8217;aigua. Ens ho vam passar tan i tan b\u00e9 que no en vol\u00edem marxar. Vam esmorzar pa amb xocolata, fer jocs, fer guerra d&#8217;aigua i quan ja est\u00e0vem s\u00faper cansats i cansades ens vam anar a estira a la pista a prendre el sol i com no a menjar un refrescant gelat!<\/p>\n<p>Ha arribat l&#8217;hora, amb molta tristor, de despedir-nos fins el curs vinent. Ara toca disfrutar de l&#8217;estiu!<\/p>\n<p>Ens veiem a la tornada!!!<\/p>\n<p>&nbsp;<\/p>\n<p>Si cliqueu damunt els enlla\u00e7os veureu les fotos!<\/p>\n<p><a href=\"https:\/\/photos.app.goo.gl\/kt67mZsqBdq21hDo6\">https:\/\/photos.app.goo.gl\/kt67mZsqBdq21hDo6<\/a><\/p>\n<p><a href=\"https:\/\/photos.app.goo.gl\/gAq8QXeZgNLKwcdz6\">https:\/\/photos.app.goo.gl\/gAq8QXeZgNLKwcdz6<\/a><\/p>\n","protected":false},"excerpt":{"rendered":"<p>L&#8217;\u00faltim dia d&#8217;escola, com ja es tradici\u00f3, vam fer la festa de l&#8217;aigua. Ens ho vam passar tan i tan b\u00e9 que no en vol\u00edem marxar. Vam esmorzar pa amb xocolata, fer jocs, fer guerra d&#8217;aigua i quan ja est\u00e0vem s\u00faper cansats i cansades ens&hellip;  <a href=\"https:\/\/agora.xtec.cat\/ceipparealgue\/portada\/festa-de-laigua-a-cicle-inicial\/\" title=\"Read FESTA DE L&#8217;AIGUA A CICLE INICIAL\">Llegeix m\u00e9s\u00bb<\/a><\/p>\n","protected":false},"author":1,"featured_media":0,"comment_status":"open","ping_status":"closed","sticky":false,"template":"","format":"standard","meta":{"_bbp_topic_count":0,"_bbp_reply_count":0,"_bbp_total_topic_count":0,"_bbp_total_reply_count":0,"_bbp_voice_count":0,"_bbp_anonymous_reply_count":0,"_bbp_topic_count_hidden":0,"_bbp_reply_count_hidden":0,"_bbp_forum_subforum_count":0,"footnotes":""},"categories":[4,9],"tags":[],"class_list":["post-3470","post","type-post","status-publish","format-standard","hentry","category-portada","category-9"],"post_mailing_queue_ids":[],"_links":{"self":[{"href":"https:\/\/agora.xtec.cat\/ceipparealgue\/wp-json\/wp\/v2\/posts\/3470","targetHints":{"allow":["GET"]}}],"collection":[{"href":"https:\/\/agora.xtec.cat\/ceipparealgue\/wp-json\/wp\/v2\/posts"}],"about":[{"href":"https:\/\/agora.xtec.cat\/ceipparealgue\/wp-json\/wp\/v2\/types\/post"}],"author":[{"embeddable":true,"href":"https:\/\/agora.xtec.cat\/ceipparealgue\/wp-json\/wp\/v2\/users\/1"}],"replies":[{"embeddable":true,"href":"https:\/\/agora.xtec.cat\/ceipparealgue\/wp-json\/wp\/v2\/comments?post=3470"}],"version-history":[{"count":2,"href":"https:\/\/agora.xtec.cat\/ceipparealgue\/wp-json\/wp\/v2\/posts\/3470\/revisions"}],"predecessor-version":[{"id":3472,"href":"https:\/\/agora.xtec.cat\/ceipparealgue\/wp-json\/wp\/v2\/posts\/3470\/revisions\/3472"}],"wp:attachment":[{"href":"https:\/\/agora.xtec.cat\/ceipparealgue\/wp-json\/wp\/v2\/media?parent=3470"}],"wp:term":[{"taxonomy":"category","embeddable":true,"href":"https:\/\/agora.xtec.cat\/ceipparealgue\/wp-json\/wp\/v2\/categories?post=3470"},{"taxonomy":"post_tag","embeddable":true,"href":"https:\/\/agora.xtec.cat\/ceipparealgue\/wp-json\/wp\/v2\/tags?post=3470"}],"curies":[{"name":"wp","href":"https:\/\/api.w.org\/{rel}","templated":true}]}}