{"id":3467,"date":"2021-06-25T13:59:19","date_gmt":"2021-06-25T11:59:19","guid":{"rendered":"https:\/\/agora.xtec.cat\/ceipparealgue\/?p=3467"},"modified":"2021-06-30T09:42:23","modified_gmt":"2021-06-30T07:42:23","slug":"comiat-de-sise","status":"publish","type":"post","link":"https:\/\/agora.xtec.cat\/ceipparealgue\/general\/comiat-de-sise\/","title":{"rendered":"COMIAT DE SIS\u00c8"},"content":{"rendered":"<p>Ja ha arribat el dia! I que r\u00e0pid ha passat!<\/p>\n<p>Ara, aquesta aventura que molts\u00a0 vau iniciar amb nom\u00e9s 3 anys a l\u2019escola Pare Algu\u00e9, s\u2019acaba.<\/p>\n<p>Al llarg de tot aquest cam\u00ed, alguns dels vostres companys i companyes \u00a0han anat marxant i d\u2019altres nous s\u2019han anat incorporant, fins i tot aquest darrer curs.<\/p>\n<p>Heu viscut moltes experi\u00e8ncies plegats, bones i no tan bones&#8230; per\u00f2 aix\u00f2 \u00e9s el que ens fa cr\u00e9ixer com a persones, tant a vosaltres com a nosaltres. Sigui com sigui, de ben segur que teniu molts records guardats al vostre cor.<\/p>\n<p>Us heu fet grans, heu crescut&#8230; i ara toca canviar d\u2019escenari, de mestres, de companys, d\u2019objectius\u2026.<\/p>\n<p>Tot plegat imposa una mica,\u00a0 per\u00f2 ja veureu que \u00e9s f\u00e0cil i que de seguida us acostumareu als canvis, i que us agradaran i que no heu de tenir por de res perqu\u00e8 podreu amb tot.<\/p>\n<p>Esperem que tot all\u00f2 que heu apr\u00e8s a la nostra escola us serveixi no nom\u00e9s a l\u2019institut, sin\u00f3 tamb\u00e9 en tots els \u00e0mbits de la vostra vida. Recordeu que en aquest nou cam\u00ed que empreneu heu de tenir confian\u00e7a en vosaltres mateixos. Heu de ser responsables, perseguir els vostres somnis i, a la vegada, ser feli\u00e7os!!!<\/p>\n<p>Nois i noies de sis\u00e8, no oblideu mai el vostre pas per l\u2019escola Pare Algu\u00e9, ni a totes les persones que han format part d\u2019aquest cam\u00ed. En ell heu tingut molts mestres que us han guiat, cuidat i facilitat el proc\u00e9s per poder arribar on sou ara. Alguns d\u2019ells avui s\u00f3n aqu\u00ed i de ben segur que estan tant emocionats com ho estem la N\u00faria, l\u2019Esther i jo.<\/p>\n<p>Esperem que aquestes paraules us serveixin per iniciar la nova etapa que comen\u00e7a amb il\u00b7lusi\u00f3 i optimisme.<\/p>\n<p>US TROBAREM MOLT A FALTAR!!! I penseu que aix\u00f2 no \u00e9s un ad\u00e9u, sin\u00f3 un A REVEURE. L\u2019escola \u00e9s casa vostra i ens podeu venir a veure sempre que vulgueu. Us estimem molt\u00edssim. Sempre formareu part de nosaltres! Un pet\u00f3 ben fort!<\/p>\n<p><a href=\"https:\/\/photos.app.goo.gl\/NC3fiFhe9g5ponRM8\">FOTOS<\/a><\/p>\n<p>&nbsp;<\/p>\n<p>&nbsp;<\/p>\n","protected":false},"excerpt":{"rendered":"<p>Ja ha arribat el dia! I que r\u00e0pid ha passat!<br \/>\nAra, aquesta aventura que molts\u00a0 vau iniciar amb nom\u00e9s 3 anys a l\u2019escola Pare Algu\u00e9, s\u2019acaba.<br \/>\nAl llarg de tot aquest cam\u00ed, alguns dels vostres companys i companyes \u00a0han anat marxant i d\u2019altres nous s\u2019han anat incorporant,&hellip;  <a href=\"https:\/\/agora.xtec.cat\/ceipparealgue\/general\/comiat-de-sise\/\" title=\"Read COMIAT DE SIS\u00c8\">Llegeix m\u00e9s\u00bb<\/a><\/p>\n","protected":false},"author":1,"featured_media":0,"comment_status":"open","ping_status":"closed","sticky":false,"template":"","format":"standard","meta":{"_bbp_topic_count":0,"_bbp_reply_count":0,"_bbp_total_topic_count":0,"_bbp_total_reply_count":0,"_bbp_voice_count":0,"_bbp_anonymous_reply_count":0,"_bbp_topic_count_hidden":0,"_bbp_reply_count_hidden":0,"_bbp_forum_subforum_count":0,"footnotes":""},"categories":[1,4,5],"tags":[],"class_list":["post-3467","post","type-post","status-publish","format-standard","hentry","category-general","category-portada","category-primaria"],"post_mailing_queue_ids":[],"_links":{"self":[{"href":"https:\/\/agora.xtec.cat\/ceipparealgue\/wp-json\/wp\/v2\/posts\/3467","targetHints":{"allow":["GET"]}}],"collection":[{"href":"https:\/\/agora.xtec.cat\/ceipparealgue\/wp-json\/wp\/v2\/posts"}],"about":[{"href":"https:\/\/agora.xtec.cat\/ceipparealgue\/wp-json\/wp\/v2\/types\/post"}],"author":[{"embeddable":true,"href":"https:\/\/agora.xtec.cat\/ceipparealgue\/wp-json\/wp\/v2\/users\/1"}],"replies":[{"embeddable":true,"href":"https:\/\/agora.xtec.cat\/ceipparealgue\/wp-json\/wp\/v2\/comments?post=3467"}],"version-history":[{"count":3,"href":"https:\/\/agora.xtec.cat\/ceipparealgue\/wp-json\/wp\/v2\/posts\/3467\/revisions"}],"predecessor-version":[{"id":3482,"href":"https:\/\/agora.xtec.cat\/ceipparealgue\/wp-json\/wp\/v2\/posts\/3467\/revisions\/3482"}],"wp:attachment":[{"href":"https:\/\/agora.xtec.cat\/ceipparealgue\/wp-json\/wp\/v2\/media?parent=3467"}],"wp:term":[{"taxonomy":"category","embeddable":true,"href":"https:\/\/agora.xtec.cat\/ceipparealgue\/wp-json\/wp\/v2\/categories?post=3467"},{"taxonomy":"post_tag","embeddable":true,"href":"https:\/\/agora.xtec.cat\/ceipparealgue\/wp-json\/wp\/v2\/tags?post=3467"}],"curies":[{"name":"wp","href":"https:\/\/api.w.org\/{rel}","templated":true}]}}