{"id":3432,"date":"2021-06-11T18:38:54","date_gmt":"2021-06-11T16:38:54","guid":{"rendered":"https:\/\/agora.xtec.cat\/ceipparealgue\/?p=3432"},"modified":"2021-09-12T19:45:17","modified_gmt":"2021-09-12T17:45:17","slug":"ajuts-material-escolar-ajuntament-de-manresa-curs-2021-2022","status":"publish","type":"post","link":"https:\/\/agora.xtec.cat\/ceipparealgue\/portada\/ajuts-material-escolar-ajuntament-de-manresa-curs-2021-2022\/","title":{"rendered":"AJUTS MATERIAL ESCOLAR &#8211; AJUNTAMENT DE MANRESA &#8211; CURS 2021\/2022"},"content":{"rendered":"<p style=\"font-weight: 400;\"><span style=\"color: #3366ff;\"><strong>SOL\u00b7LICITUDS D\u2019AJUTS ESCOLARS TRAMITATS DIRECTAMENT PER LES FAM\u00cdLIES<\/strong><\/span><\/p>\n<p>Els alumnes que iniciaran P4, i fins a 6\u00e8, podreu tramitar telem\u00e0ticament la sol\u00b7licitud a partir del 21 de juny i fins el 15 de juliol a l\u2019enlla\u00e7: <a href=\"https:\/\/www.manresa.cat\/web\/menu\/10741-ajuts-de-material-escolar\">https:\/\/www.manresa.cat\/web\/menu\/10741-ajuts-de-material-escolar<\/a><\/p>\n<p>Aquelles fam\u00edlies que no pugueu tramitar-ho telem\u00e0ticament, podeu demanar cita pr\u00e8via a partir del dia 28 de juny al seg\u00fcent enlla\u00e7 <a href=\"https:\/\/manresa.cat\/citaprevia\">https:\/\/manresa.cat\/citaprevia<\/a>\u00a0o trucant al tel\u00e8fon 938752485.<\/p>\n<p style=\"font-weight: 400;\"><span style=\"color: #3366ff;\"><strong>SOL\u00b7LICITUDS D\u2019AJUTS ESCOLARS GESTIONATS PELS CENTRES EDUCATIUS (P3)<\/strong><\/span><\/p>\n<p style=\"font-weight: 400;\">Nom\u00e9s per alumnes que iniciaran P3 \u2013 i germans\/es. Es gestionar\u00e0 en el centre el dia de la matr\u00edcula.<\/p>\n<p style=\"font-weight: 400;\"><span style=\"color: #3366ff;\"><strong>SOL\u00b7LICITUDS D\u2019AJUTS ESCOLARS GESTIONATS PELS CENTRES EDUCATIUS (6\u00e8)<\/strong><\/span><\/p>\n<p style=\"font-weight: 400;\">Nom\u00e9s per alumnes de 6\u00e8 \u2013 i germans\/es. Es gestionar\u00e0 en el centre amb cita pr\u00e8via els dies 21 i 22 (Cal demanar cita per tel\u00e8fon).<\/p>\n","protected":false},"excerpt":{"rendered":"<p>SOL\u00b7LICITUDS D\u2019AJUTS ESCOLARS TRAMITATS DIRECTAMENT PER LES FAM\u00cdLIES<br \/>\nEls alumnes que iniciaran P4, i fins a 6\u00e8, podreu tramitar telem\u00e0ticament la sol\u00b7licitud a partir del 21 de juny i fins el 15 de juliol a l\u2019enlla\u00e7: <a href=\"https:\/\/www.manresa.cat\/web\/menu\/10741-ajuts-de-material-escolar\">https:\/\/www.manresa.cat\/web\/menu\/10741-ajuts-de-material-escolar<\/a><br \/>\nAquelles fam\u00edlies que no pugueu tramitar-ho telem\u00e0ticament, podeu demanar&hellip;  <a href=\"https:\/\/agora.xtec.cat\/ceipparealgue\/portada\/ajuts-material-escolar-ajuntament-de-manresa-curs-2021-2022\/\" title=\"Read AJUTS MATERIAL ESCOLAR &#8211; AJUNTAMENT DE MANRESA &#8211; CURS 2021\/2022\">Llegeix m\u00e9s\u00bb<\/a><\/p>\n","protected":false},"author":1,"featured_media":0,"comment_status":"open","ping_status":"closed","sticky":false,"template":"","format":"standard","meta":{"_bbp_topic_count":0,"_bbp_reply_count":0,"_bbp_total_topic_count":0,"_bbp_total_reply_count":0,"_bbp_voice_count":0,"_bbp_anonymous_reply_count":0,"_bbp_topic_count_hidden":0,"_bbp_reply_count_hidden":0,"_bbp_forum_subforum_count":0,"footnotes":""},"categories":[4],"tags":[],"class_list":["post-3432","post","type-post","status-publish","format-standard","hentry","category-portada"],"post_mailing_queue_ids":[],"_links":{"self":[{"href":"https:\/\/agora.xtec.cat\/ceipparealgue\/wp-json\/wp\/v2\/posts\/3432","targetHints":{"allow":["GET"]}}],"collection":[{"href":"https:\/\/agora.xtec.cat\/ceipparealgue\/wp-json\/wp\/v2\/posts"}],"about":[{"href":"https:\/\/agora.xtec.cat\/ceipparealgue\/wp-json\/wp\/v2\/types\/post"}],"author":[{"embeddable":true,"href":"https:\/\/agora.xtec.cat\/ceipparealgue\/wp-json\/wp\/v2\/users\/1"}],"replies":[{"embeddable":true,"href":"https:\/\/agora.xtec.cat\/ceipparealgue\/wp-json\/wp\/v2\/comments?post=3432"}],"version-history":[{"count":3,"href":"https:\/\/agora.xtec.cat\/ceipparealgue\/wp-json\/wp\/v2\/posts\/3432\/revisions"}],"predecessor-version":[{"id":3483,"href":"https:\/\/agora.xtec.cat\/ceipparealgue\/wp-json\/wp\/v2\/posts\/3432\/revisions\/3483"}],"wp:attachment":[{"href":"https:\/\/agora.xtec.cat\/ceipparealgue\/wp-json\/wp\/v2\/media?parent=3432"}],"wp:term":[{"taxonomy":"category","embeddable":true,"href":"https:\/\/agora.xtec.cat\/ceipparealgue\/wp-json\/wp\/v2\/categories?post=3432"},{"taxonomy":"post_tag","embeddable":true,"href":"https:\/\/agora.xtec.cat\/ceipparealgue\/wp-json\/wp\/v2\/tags?post=3432"}],"curies":[{"name":"wp","href":"https:\/\/api.w.org\/{rel}","templated":true}]}}