{"id":3422,"date":"2021-06-09T11:30:17","date_gmt":"2021-06-09T09:30:17","guid":{"rendered":"https:\/\/agora.xtec.cat\/ceipparealgue\/?p=3422"},"modified":"2021-06-11T19:00:48","modified_gmt":"2021-06-11T17:00:48","slug":"les-abaracades-a-la-granja-de-la-culla","status":"publish","type":"post","link":"https:\/\/agora.xtec.cat\/ceipparealgue\/portada\/les-abaracades-a-la-granja-de-la-culla\/","title":{"rendered":"LA CLASSE DE LES ABRA\u00c7ADES VISITEN LA GRANJA DE LA CULLA"},"content":{"rendered":"<p>Dimecres dia 2 de juny vam poder gaudir d&#8217;un magn\u00edfic mat\u00ed a La casa de la Culla, on vam poder observar i tocar alguns dels animals que podem trobar a la granja, com ara: el gall i les gallines, \u00e0necs muts i xerraires, oques, indiots i conills.<\/p>\n<p>Vam poder treballar distingint fam\u00edlies d\u2019animals, morfologia, comportament, alimentaci\u00f3, reproducci\u00f3, diferenciaci\u00f3 d\u2019esp\u00e8cies, races i sexes, etc., observant els animals de prop.<\/p>\n<p>Ens ho vam passar molt b\u00e9 envoltats d&#8217;un entorn tant bonic.<\/p>\n<p><a href=\"https:\/\/photos.app.goo.gl\/pHpJ27RsggLFgUup9\">Aqu\u00ed podeu veure un recull de fotografies d&#8217;aquest dia.<\/a><\/p>\n","protected":false},"excerpt":{"rendered":"<p>Dimecres dia 2 de juny vam poder gaudir d&#8217;un magn\u00edfic mat\u00ed a La casa de la Culla, on vam poder observar i tocar alguns dels animals que podem trobar a la granja, com ara: el gall i les gallines, \u00e0necs muts i xerraires, oques, indiots&hellip;  <a href=\"https:\/\/agora.xtec.cat\/ceipparealgue\/portada\/les-abaracades-a-la-granja-de-la-culla\/\" title=\"Read LA CLASSE DE LES ABRA\u00c7ADES VISITEN LA GRANJA DE LA CULLA\">Llegeix m\u00e9s\u00bb<\/a><\/p>\n","protected":false},"author":1,"featured_media":0,"comment_status":"open","ping_status":"closed","sticky":false,"template":"","format":"standard","meta":{"_bbp_topic_count":0,"_bbp_reply_count":0,"_bbp_total_topic_count":0,"_bbp_total_reply_count":0,"_bbp_voice_count":0,"_bbp_anonymous_reply_count":0,"_bbp_topic_count_hidden":0,"_bbp_reply_count_hidden":0,"_bbp_forum_subforum_count":0,"footnotes":""},"categories":[4,5,8],"tags":[],"class_list":["post-3422","post","type-post","status-publish","format-standard","hentry","category-portada","category-primaria","category-8"],"post_mailing_queue_ids":[],"_links":{"self":[{"href":"https:\/\/agora.xtec.cat\/ceipparealgue\/wp-json\/wp\/v2\/posts\/3422","targetHints":{"allow":["GET"]}}],"collection":[{"href":"https:\/\/agora.xtec.cat\/ceipparealgue\/wp-json\/wp\/v2\/posts"}],"about":[{"href":"https:\/\/agora.xtec.cat\/ceipparealgue\/wp-json\/wp\/v2\/types\/post"}],"author":[{"embeddable":true,"href":"https:\/\/agora.xtec.cat\/ceipparealgue\/wp-json\/wp\/v2\/users\/1"}],"replies":[{"embeddable":true,"href":"https:\/\/agora.xtec.cat\/ceipparealgue\/wp-json\/wp\/v2\/comments?post=3422"}],"version-history":[{"count":3,"href":"https:\/\/agora.xtec.cat\/ceipparealgue\/wp-json\/wp\/v2\/posts\/3422\/revisions"}],"predecessor-version":[{"id":3452,"href":"https:\/\/agora.xtec.cat\/ceipparealgue\/wp-json\/wp\/v2\/posts\/3422\/revisions\/3452"}],"wp:attachment":[{"href":"https:\/\/agora.xtec.cat\/ceipparealgue\/wp-json\/wp\/v2\/media?parent=3422"}],"wp:term":[{"taxonomy":"category","embeddable":true,"href":"https:\/\/agora.xtec.cat\/ceipparealgue\/wp-json\/wp\/v2\/categories?post=3422"},{"taxonomy":"post_tag","embeddable":true,"href":"https:\/\/agora.xtec.cat\/ceipparealgue\/wp-json\/wp\/v2\/tags?post=3422"}],"curies":[{"name":"wp","href":"https:\/\/api.w.org\/{rel}","templated":true}]}}