{"id":3420,"date":"2021-06-09T17:22:06","date_gmt":"2021-06-09T15:22:06","guid":{"rendered":"https:\/\/agora.xtec.cat\/ceipparealgue\/?p=3420"},"modified":"2024-01-15T18:09:52","modified_gmt":"2024-01-15T17:09:52","slug":"p3-p4-i-p5-lada-cusido-ens-ha-explicat-un-conte","status":"publish","type":"post","link":"https:\/\/agora.xtec.cat\/ceipparealgue\/general\/p3-p4-i-p5-lada-cusido-ens-ha-explicat-un-conte\/","title":{"rendered":"P3, P4 I P5- CONTACONTES: L&#8217;ADA CUSID\u00d3 ENS HA EXPLICAT UN CONTE"},"content":{"rendered":"<p>Hola fam\u00edlies,<\/p>\n<p>Fa uns dies va venir l&#8217;Ada Cusid\u00f3 a explicar-nos un conte molt bonic d&#8217;animals del mar. Vam gaudir molt ja que el va explicar molt b\u00e9, portava unes faldilles m\u00e0giques que amagaven animals i feia un sons amb la boca que semblava que estessim sota el mar.<\/p>\n<p>Gr\u00e0cies per venir Ada, fins la propera!<\/p>\n<p>&nbsp;<\/p>\n<p>&nbsp;<\/p>\n<p>&nbsp;<\/p>\n<p><a href=\"https:\/\/agora.xtec.cat\/ceipparealgue\/wp-content\/uploads\/usu157\/2021\/06\/917CFDD6-8C06-4AC2-B0AB-48E1F5BE4647.jpg\"><img loading=\"lazy\" decoding=\"async\" class=\"alignnone size-full wp-image-3425\" src=\"https:\/\/agora.xtec.cat\/ceipparealgue\/wp-content\/uploads\/usu157\/2021\/06\/917CFDD6-8C06-4AC2-B0AB-48E1F5BE4647.jpg\" alt=\"\" width=\"1024\" height=\"1024\" srcset=\"https:\/\/agora.xtec.cat\/ceipparealgue\/wp-content\/uploads\/usu157\/2021\/06\/917CFDD6-8C06-4AC2-B0AB-48E1F5BE4647.jpg 1024w, https:\/\/agora.xtec.cat\/ceipparealgue\/wp-content\/uploads\/usu157\/2021\/06\/917CFDD6-8C06-4AC2-B0AB-48E1F5BE4647-150x150.jpg 150w, https:\/\/agora.xtec.cat\/ceipparealgue\/wp-content\/uploads\/usu157\/2021\/06\/917CFDD6-8C06-4AC2-B0AB-48E1F5BE4647-300x300.jpg 300w, https:\/\/agora.xtec.cat\/ceipparealgue\/wp-content\/uploads\/usu157\/2021\/06\/917CFDD6-8C06-4AC2-B0AB-48E1F5BE4647-768x768.jpg 768w\" sizes=\"auto, (max-width: 1024px) 100vw, 1024px\" \/><\/a><\/p>\n<p><a href=\"https:\/\/agora.xtec.cat\/ceipparealgue\/wp-content\/uploads\/usu157\/2021\/06\/IMG_1BD107A0A626-1.jpeg\"><img loading=\"lazy\" decoding=\"async\" class=\"alignnone size-full wp-image-3428\" src=\"https:\/\/agora.xtec.cat\/ceipparealgue\/wp-content\/uploads\/usu157\/2021\/06\/IMG_1BD107A0A626-1.jpeg\" alt=\"\" width=\"918\" height=\"918\" srcset=\"https:\/\/agora.xtec.cat\/ceipparealgue\/wp-content\/uploads\/usu157\/2021\/06\/IMG_1BD107A0A626-1.jpeg 918w, https:\/\/agora.xtec.cat\/ceipparealgue\/wp-content\/uploads\/usu157\/2021\/06\/IMG_1BD107A0A626-1-150x150.jpeg 150w, https:\/\/agora.xtec.cat\/ceipparealgue\/wp-content\/uploads\/usu157\/2021\/06\/IMG_1BD107A0A626-1-300x300.jpeg 300w, https:\/\/agora.xtec.cat\/ceipparealgue\/wp-content\/uploads\/usu157\/2021\/06\/IMG_1BD107A0A626-1-768x768.jpeg 768w\" sizes=\"auto, (max-width: 918px) 100vw, 918px\" \/><\/a> <a href=\"https:\/\/agora.xtec.cat\/ceipparealgue\/wp-content\/uploads\/usu157\/2021\/06\/IMG_0EA4591D4CFD-1.jpeg\"><img loading=\"lazy\" decoding=\"async\" class=\"alignnone size-large wp-image-3427\" src=\"https:\/\/agora.xtec.cat\/ceipparealgue\/wp-content\/uploads\/usu157\/2021\/06\/IMG_0EA4591D4CFD-1.jpeg\" alt=\"\" width=\"918\" height=\"918\" srcset=\"https:\/\/agora.xtec.cat\/ceipparealgue\/wp-content\/uploads\/usu157\/2021\/06\/IMG_0EA4591D4CFD-1.jpeg 918w, https:\/\/agora.xtec.cat\/ceipparealgue\/wp-content\/uploads\/usu157\/2021\/06\/IMG_0EA4591D4CFD-1-150x150.jpeg 150w, https:\/\/agora.xtec.cat\/ceipparealgue\/wp-content\/uploads\/usu157\/2021\/06\/IMG_0EA4591D4CFD-1-300x300.jpeg 300w, https:\/\/agora.xtec.cat\/ceipparealgue\/wp-content\/uploads\/usu157\/2021\/06\/IMG_0EA4591D4CFD-1-768x768.jpeg 768w\" sizes=\"auto, (max-width: 918px) 100vw, 918px\" \/><\/a><\/p>\n","protected":false},"excerpt":{"rendered":"<p>Hola fam\u00edlies,<br \/>\nFa uns dies va venir l&#8217;Ada Cusid\u00f3 a explicar-nos un conte molt bonic d&#8217;animals del mar. Vam gaudir molt ja que el va explicar molt b\u00e9, portava unes faldilles m\u00e0giques que amagaven animals i feia un sons amb la boca que semblava que estessim&hellip;  <a href=\"https:\/\/agora.xtec.cat\/ceipparealgue\/general\/p3-p4-i-p5-lada-cusido-ens-ha-explicat-un-conte\/\" title=\"Read P3, P4 I P5- CONTACONTES: L&#8217;ADA CUSID\u00d3 ENS HA EXPLICAT UN CONTE\">Llegeix m\u00e9s\u00bb<\/a><\/p>\n","protected":false},"author":1,"featured_media":3429,"comment_status":"open","ping_status":"closed","sticky":false,"template":"","format":"standard","meta":{"_bbp_topic_count":0,"_bbp_reply_count":0,"_bbp_total_topic_count":0,"_bbp_total_reply_count":0,"_bbp_voice_count":0,"_bbp_anonymous_reply_count":0,"_bbp_topic_count_hidden":0,"_bbp_reply_count_hidden":0,"_bbp_forum_subforum_count":0,"footnotes":""},"categories":[1,4,8,3,66],"tags":[],"class_list":["post-3420","post","type-post","status-publish","format-standard","has-post-thumbnail","hentry","category-general","category-portada","category-8","category-3","category-66"],"post_mailing_queue_ids":[],"_links":{"self":[{"href":"https:\/\/agora.xtec.cat\/ceipparealgue\/wp-json\/wp\/v2\/posts\/3420","targetHints":{"allow":["GET"]}}],"collection":[{"href":"https:\/\/agora.xtec.cat\/ceipparealgue\/wp-json\/wp\/v2\/posts"}],"about":[{"href":"https:\/\/agora.xtec.cat\/ceipparealgue\/wp-json\/wp\/v2\/types\/post"}],"author":[{"embeddable":true,"href":"https:\/\/agora.xtec.cat\/ceipparealgue\/wp-json\/wp\/v2\/users\/1"}],"replies":[{"embeddable":true,"href":"https:\/\/agora.xtec.cat\/ceipparealgue\/wp-json\/wp\/v2\/comments?post=3420"}],"version-history":[{"count":3,"href":"https:\/\/agora.xtec.cat\/ceipparealgue\/wp-json\/wp\/v2\/posts\/3420\/revisions"}],"predecessor-version":[{"id":3431,"href":"https:\/\/agora.xtec.cat\/ceipparealgue\/wp-json\/wp\/v2\/posts\/3420\/revisions\/3431"}],"wp:featuredmedia":[{"embeddable":true,"href":"https:\/\/agora.xtec.cat\/ceipparealgue\/wp-json\/wp\/v2\/media\/3429"}],"wp:attachment":[{"href":"https:\/\/agora.xtec.cat\/ceipparealgue\/wp-json\/wp\/v2\/media?parent=3420"}],"wp:term":[{"taxonomy":"category","embeddable":true,"href":"https:\/\/agora.xtec.cat\/ceipparealgue\/wp-json\/wp\/v2\/categories?post=3420"},{"taxonomy":"post_tag","embeddable":true,"href":"https:\/\/agora.xtec.cat\/ceipparealgue\/wp-json\/wp\/v2\/tags?post=3420"}],"curies":[{"name":"wp","href":"https:\/\/api.w.org\/{rel}","templated":true}]}}